{"id":22002,"date":"2020-04-23T17:09:16","date_gmt":"2020-04-23T16:09:16","guid":{"rendered":"https:\/\/www.declic-communication.com\/gardez-le-contact-consolidons-nos-liens-soyons-solidaire-des-actions-vitales\/"},"modified":"2022-01-06T11:01:39","modified_gmt":"2022-01-06T10:01:39","slug":"gardez-le-contact-consolidons-nos-liens-soyons-solidaire-des-actions-vitales","status":"publish","type":"post","link":"https:\/\/www.declic-communication.fr\/de\/gardez-le-contact-consolidons-nos-liens-soyons-solidaire-des-actions-vitales\/","title":{"rendered":"In kontakt bleiben, unsere Beziehungen verst\u00e4rken, solidarisch sein&#8230; sind grundverhalten!"},"content":{"rendered":"<p>Sind Sie organisiert, um die Anfragen Ihrer Kunden beantworten zu k\u00f6nnen? Es ist wichtig, es Ihnen zu sagen und somit Ihre Kundenbindung zu verst\u00e4rken!<\/p>\n<p><strong>Durchzuf\u00fchrende Informationskampagnen:<\/strong><\/p>\n<p>\u2022 Kommunikationsvisuals<br \/>\n\u2022 Banner und Nachrichten auf Ihrer Website<br \/>\n\u2022 Soziale Netzwerke Moderation<br \/>\n\u2022 Plakat-Kampagnen und Leuchtreklame<br \/>\n\u2022 SMS-Broadcast f\u00fcr Ihre Anzeigen<br \/>\n\u2022 Post- oder E-Mail-Versand<br \/>\n\u2022 Radiospots, Videoclips,&#8230;<\/p>\n<p>\u2022 \u2026<\/p>\n<p><strong>Unser D\u00e9clic-Team ist in Krisenzeiten aktiv <\/strong><strong>&#x1f609;<\/strong><strong> und begleitet Sie bei der Entwicklung Ihrer Sichtbarkeit!<\/strong><\/p>\n","protected":false},"excerpt":{"rendered":"<p>Sind Sie organisiert, um die Anfragen Ihrer Kunden beantworten zu k\u00f6nnen? Es ist wichtig, es Ihnen zu sagen und somit Ihre Kundenbindung zu verst\u00e4rken! Durchzuf\u00fchrende Informationskampagnen: \u2022 Kommunikationsvisuals \u2022 Banner und Nachrichten auf Ihrer Website \u2022 Soziale Netzwerke Moderation \u2022 Plakat-Kampagnen und Leuchtreklame \u2022 SMS-Broadcast f\u00fcr Ihre Anzeigen \u2022 Post- oder E-Mail-Versand \u2022 Radiospots, Videoclips,&#8230; [&hellip;]<\/p>\n","protected":false},"author":2,"featured_media":21859,"comment_status":"closed","ping_status":"closed","sticky":false,"template":"","format":"standard","meta":{"inline_featured_image":false,"footnotes":""},"categories":[31],"tags":[],"class_list":["post-22002","post","type-post","status-publish","format-standard","has-post-thumbnail","hentry","category-nachrichten"],"yoast_head":"<!-- This site is optimized with the Yoast SEO plugin v20.4 - https:\/\/yoast.com\/wordpress\/plugins\/seo\/ -->\n<title>In kontakt bleiben, unsere Beziehungen verst\u00e4rken, solidarisch sein... sind grundverhalten! - D\u00e9clic Communication<\/title>\n<meta name=\"robots\" content=\"index, follow, max-snippet:-1, max-image-preview:large, max-video-preview:-1\" \/>\n<link rel=\"canonical\" href=\"https:\/\/www.declic-communication.fr\/de\/gardez-le-contact-consolidons-nos-liens-soyons-solidaire-des-actions-vitales\/\" \/>\n<meta property=\"og:locale\" content=\"de_DE\" \/>\n<meta property=\"og:type\" content=\"article\" \/>\n<meta property=\"og:title\" content=\"In kontakt bleiben, unsere Beziehungen verst\u00e4rken, solidarisch sein... sind grundverhalten! - D\u00e9clic Communication\" \/>\n<meta property=\"og:description\" content=\"Sind Sie organisiert, um die Anfragen Ihrer Kunden beantworten zu k\u00f6nnen? Es ist wichtig, es Ihnen zu sagen und somit Ihre Kundenbindung zu verst\u00e4rken! Durchzuf\u00fchrende Informationskampagnen: \u2022 Kommunikationsvisuals \u2022 Banner und Nachrichten auf Ihrer Website \u2022 Soziale Netzwerke Moderation \u2022 Plakat-Kampagnen und Leuchtreklame \u2022 SMS-Broadcast f\u00fcr Ihre Anzeigen \u2022 Post- oder E-Mail-Versand \u2022 Radiospots, Videoclips,&#8230; [&hellip;]\" \/>\n<meta property=\"og:url\" content=\"https:\/\/www.declic-communication.fr\/de\/gardez-le-contact-consolidons-nos-liens-soyons-solidaire-des-actions-vitales\/\" \/>\n<meta property=\"og:site_name\" content=\"D\u00e9clic Communication\" \/>\n<meta property=\"article:published_time\" content=\"2020-04-23T16:09:16+00:00\" \/>\n<meta property=\"article:modified_time\" content=\"2022-01-06T10:01:39+00:00\" \/>\n<meta property=\"og:image\" content=\"https:\/\/www.declic-communication.fr\/wp-content\/uploads\/2020\/04\/94702532_121863982809080_2393489225707159552_o.jpg\" \/>\n\t<meta property=\"og:image:width\" content=\"2000\" \/>\n\t<meta property=\"og:image:height\" content=\"2000\" \/>\n\t<meta property=\"og:image:type\" content=\"image\/jpeg\" \/>\n<meta name=\"author\" content=\"S\u00e9bastien ALBERT\" \/>\n<meta name=\"twitter:card\" content=\"summary_large_image\" \/>\n<meta name=\"twitter:label1\" content=\"Verfasst von\" \/>\n\t<meta name=\"twitter:data1\" content=\"S\u00e9bastien ALBERT\" \/>\n<script type=\"application\/ld+json\" class=\"yoast-schema-graph\">{\"@context\":\"https:\/\/schema.org\",\"@graph\":[{\"@type\":\"Article\",\"@id\":\"https:\/\/www.declic-communication.fr\/de\/gardez-le-contact-consolidons-nos-liens-soyons-solidaire-des-actions-vitales\/#article\",\"isPartOf\":{\"@id\":\"https:\/\/www.declic-communication.fr\/de\/gardez-le-contact-consolidons-nos-liens-soyons-solidaire-des-actions-vitales\/\"},\"author\":{\"name\":\"S\u00e9bastien ALBERT\",\"@id\":\"https:\/\/www.declic-communication.fr\/de\/#\/schema\/person\/023a4d7ead8e9b488401420ca83785a0\"},\"headline\":\"In kontakt bleiben, unsere Beziehungen verst\u00e4rken, solidarisch sein&#8230; sind grundverhalten!\",\"datePublished\":\"2020-04-23T16:09:16+00:00\",\"dateModified\":\"2022-01-06T10:01:39+00:00\",\"mainEntityOfPage\":{\"@id\":\"https:\/\/www.declic-communication.fr\/de\/gardez-le-contact-consolidons-nos-liens-soyons-solidaire-des-actions-vitales\/\"},\"wordCount\":80,\"publisher\":{\"@id\":\"https:\/\/www.declic-communication.fr\/de\/#organization\"},\"articleSection\":[\"Nachrichten\"],\"inLanguage\":\"de\"},{\"@type\":\"WebPage\",\"@id\":\"https:\/\/www.declic-communication.fr\/de\/gardez-le-contact-consolidons-nos-liens-soyons-solidaire-des-actions-vitales\/\",\"url\":\"https:\/\/www.declic-communication.fr\/de\/gardez-le-contact-consolidons-nos-liens-soyons-solidaire-des-actions-vitales\/\",\"name\":\"In kontakt bleiben, unsere Beziehungen verst\u00e4rken, solidarisch sein... sind grundverhalten! - D\u00e9clic Communication\",\"isPartOf\":{\"@id\":\"https:\/\/www.declic-communication.fr\/de\/#website\"},\"datePublished\":\"2020-04-23T16:09:16+00:00\",\"dateModified\":\"2022-01-06T10:01:39+00:00\",\"breadcrumb\":{\"@id\":\"https:\/\/www.declic-communication.fr\/de\/gardez-le-contact-consolidons-nos-liens-soyons-solidaire-des-actions-vitales\/#breadcrumb\"},\"inLanguage\":\"de\",\"potentialAction\":[{\"@type\":\"ReadAction\",\"target\":[\"https:\/\/www.declic-communication.fr\/de\/gardez-le-contact-consolidons-nos-liens-soyons-solidaire-des-actions-vitales\/\"]}]},{\"@type\":\"BreadcrumbList\",\"@id\":\"https:\/\/www.declic-communication.fr\/de\/gardez-le-contact-consolidons-nos-liens-soyons-solidaire-des-actions-vitales\/#breadcrumb\",\"itemListElement\":[{\"@type\":\"ListItem\",\"position\":1,\"name\":\"Accueil\",\"item\":\"https:\/\/www.declic-communication.fr\/de\/?page_id=37042\"},{\"@type\":\"ListItem\",\"position\":2,\"name\":\"In kontakt bleiben, unsere Beziehungen verst\u00e4rken, solidarisch sein&#8230; sind grundverhalten!\"}]},{\"@type\":\"WebSite\",\"@id\":\"https:\/\/www.declic-communication.fr\/de\/#website\",\"url\":\"https:\/\/www.declic-communication.fr\/de\/\",\"name\":\"D\u00e9clic Communication\",\"description\":\"Agence conseil en communication et publicit\u00e9 \u00e0 Saint-Avold en Moselle\",\"publisher\":{\"@id\":\"https:\/\/www.declic-communication.fr\/de\/#organization\"},\"potentialAction\":[{\"@type\":\"SearchAction\",\"target\":{\"@type\":\"EntryPoint\",\"urlTemplate\":\"https:\/\/www.declic-communication.fr\/de\/?s={search_term_string}\"},\"query-input\":\"required name=search_term_string\"}],\"inLanguage\":\"de\"},{\"@type\":\"Organization\",\"@id\":\"https:\/\/www.declic-communication.fr\/de\/#organization\",\"name\":\"D\u00e9clic Communication\",\"url\":\"https:\/\/www.declic-communication.fr\/de\/\",\"logo\":{\"@type\":\"ImageObject\",\"inLanguage\":\"de\",\"@id\":\"https:\/\/www.declic-communication.fr\/de\/#\/schema\/logo\/image\/\",\"url\":\"https:\/\/www.declic-communication.fr\/wp-content\/uploads\/2023\/10\/logo-declic-communication.svg\",\"contentUrl\":\"https:\/\/www.declic-communication.fr\/wp-content\/uploads\/2023\/10\/logo-declic-communication.svg\",\"width\":600,\"height\":250,\"caption\":\"D\u00e9clic Communication\"},\"image\":{\"@id\":\"https:\/\/www.declic-communication.fr\/de\/#\/schema\/logo\/image\/\"}},{\"@type\":\"Person\",\"@id\":\"https:\/\/www.declic-communication.fr\/de\/#\/schema\/person\/023a4d7ead8e9b488401420ca83785a0\",\"name\":\"S\u00e9bastien ALBERT\",\"url\":\"https:\/\/www.declic-communication.fr\/de\/\"}]}<\/script>\n<!-- \/ Yoast SEO plugin. -->","yoast_head_json":{"title":"In kontakt bleiben, unsere Beziehungen verst\u00e4rken, solidarisch sein... sind grundverhalten! - D\u00e9clic Communication","robots":{"index":"index","follow":"follow","max-snippet":"max-snippet:-1","max-image-preview":"max-image-preview:large","max-video-preview":"max-video-preview:-1"},"canonical":"https:\/\/www.declic-communication.fr\/de\/gardez-le-contact-consolidons-nos-liens-soyons-solidaire-des-actions-vitales\/","og_locale":"de_DE","og_type":"article","og_title":"In kontakt bleiben, unsere Beziehungen verst\u00e4rken, solidarisch sein... sind grundverhalten! - D\u00e9clic Communication","og_description":"Sind Sie organisiert, um die Anfragen Ihrer Kunden beantworten zu k\u00f6nnen? Es ist wichtig, es Ihnen zu sagen und somit Ihre Kundenbindung zu verst\u00e4rken! Durchzuf\u00fchrende Informationskampagnen: \u2022 Kommunikationsvisuals \u2022 Banner und Nachrichten auf Ihrer Website \u2022 Soziale Netzwerke Moderation \u2022 Plakat-Kampagnen und Leuchtreklame \u2022 SMS-Broadcast f\u00fcr Ihre Anzeigen \u2022 Post- oder E-Mail-Versand \u2022 Radiospots, Videoclips,&#8230; [&hellip;]","og_url":"https:\/\/www.declic-communication.fr\/de\/gardez-le-contact-consolidons-nos-liens-soyons-solidaire-des-actions-vitales\/","og_site_name":"D\u00e9clic Communication","article_published_time":"2020-04-23T16:09:16+00:00","article_modified_time":"2022-01-06T10:01:39+00:00","og_image":[{"width":2000,"height":2000,"url":"https:\/\/www.declic-communication.fr\/wp-content\/uploads\/2020\/04\/94702532_121863982809080_2393489225707159552_o.jpg","type":"image\/jpeg"}],"author":"S\u00e9bastien ALBERT","twitter_card":"summary_large_image","twitter_misc":{"Verfasst von":"S\u00e9bastien ALBERT"},"schema":{"@context":"https:\/\/schema.org","@graph":[{"@type":"Article","@id":"https:\/\/www.declic-communication.fr\/de\/gardez-le-contact-consolidons-nos-liens-soyons-solidaire-des-actions-vitales\/#article","isPartOf":{"@id":"https:\/\/www.declic-communication.fr\/de\/gardez-le-contact-consolidons-nos-liens-soyons-solidaire-des-actions-vitales\/"},"author":{"name":"S\u00e9bastien ALBERT","@id":"https:\/\/www.declic-communication.fr\/de\/#\/schema\/person\/023a4d7ead8e9b488401420ca83785a0"},"headline":"In kontakt bleiben, unsere Beziehungen verst\u00e4rken, solidarisch sein&#8230; sind grundverhalten!","datePublished":"2020-04-23T16:09:16+00:00","dateModified":"2022-01-06T10:01:39+00:00","mainEntityOfPage":{"@id":"https:\/\/www.declic-communication.fr\/de\/gardez-le-contact-consolidons-nos-liens-soyons-solidaire-des-actions-vitales\/"},"wordCount":80,"publisher":{"@id":"https:\/\/www.declic-communication.fr\/de\/#organization"},"articleSection":["Nachrichten"],"inLanguage":"de"},{"@type":"WebPage","@id":"https:\/\/www.declic-communication.fr\/de\/gardez-le-contact-consolidons-nos-liens-soyons-solidaire-des-actions-vitales\/","url":"https:\/\/www.declic-communication.fr\/de\/gardez-le-contact-consolidons-nos-liens-soyons-solidaire-des-actions-vitales\/","name":"In kontakt bleiben, unsere Beziehungen verst\u00e4rken, solidarisch sein... sind grundverhalten! - D\u00e9clic Communication","isPartOf":{"@id":"https:\/\/www.declic-communication.fr\/de\/#website"},"datePublished":"2020-04-23T16:09:16+00:00","dateModified":"2022-01-06T10:01:39+00:00","breadcrumb":{"@id":"https:\/\/www.declic-communication.fr\/de\/gardez-le-contact-consolidons-nos-liens-soyons-solidaire-des-actions-vitales\/#breadcrumb"},"inLanguage":"de","potentialAction":[{"@type":"ReadAction","target":["https:\/\/www.declic-communication.fr\/de\/gardez-le-contact-consolidons-nos-liens-soyons-solidaire-des-actions-vitales\/"]}]},{"@type":"BreadcrumbList","@id":"https:\/\/www.declic-communication.fr\/de\/gardez-le-contact-consolidons-nos-liens-soyons-solidaire-des-actions-vitales\/#breadcrumb","itemListElement":[{"@type":"ListItem","position":1,"name":"Accueil","item":"https:\/\/www.declic-communication.fr\/de\/?page_id=37042"},{"@type":"ListItem","position":2,"name":"In kontakt bleiben, unsere Beziehungen verst\u00e4rken, solidarisch sein&#8230; sind grundverhalten!"}]},{"@type":"WebSite","@id":"https:\/\/www.declic-communication.fr\/de\/#website","url":"https:\/\/www.declic-communication.fr\/de\/","name":"D\u00e9clic Communication","description":"Agence conseil en communication et publicit\u00e9 \u00e0 Saint-Avold en Moselle","publisher":{"@id":"https:\/\/www.declic-communication.fr\/de\/#organization"},"potentialAction":[{"@type":"SearchAction","target":{"@type":"EntryPoint","urlTemplate":"https:\/\/www.declic-communication.fr\/de\/?s={search_term_string}"},"query-input":"required name=search_term_string"}],"inLanguage":"de"},{"@type":"Organization","@id":"https:\/\/www.declic-communication.fr\/de\/#organization","name":"D\u00e9clic Communication","url":"https:\/\/www.declic-communication.fr\/de\/","logo":{"@type":"ImageObject","inLanguage":"de","@id":"https:\/\/www.declic-communication.fr\/de\/#\/schema\/logo\/image\/","url":"https:\/\/www.declic-communication.fr\/wp-content\/uploads\/2023\/10\/logo-declic-communication.svg","contentUrl":"https:\/\/www.declic-communication.fr\/wp-content\/uploads\/2023\/10\/logo-declic-communication.svg","width":600,"height":250,"caption":"D\u00e9clic Communication"},"image":{"@id":"https:\/\/www.declic-communication.fr\/de\/#\/schema\/logo\/image\/"}},{"@type":"Person","@id":"https:\/\/www.declic-communication.fr\/de\/#\/schema\/person\/023a4d7ead8e9b488401420ca83785a0","name":"S\u00e9bastien ALBERT","url":"https:\/\/www.declic-communication.fr\/de\/"}]}},"_links":{"self":[{"href":"https:\/\/www.declic-communication.fr\/de\/wp-json\/wp\/v2\/posts\/22002","targetHints":{"allow":["GET"]}}],"collection":[{"href":"https:\/\/www.declic-communication.fr\/de\/wp-json\/wp\/v2\/posts"}],"about":[{"href":"https:\/\/www.declic-communication.fr\/de\/wp-json\/wp\/v2\/types\/post"}],"author":[{"embeddable":true,"href":"https:\/\/www.declic-communication.fr\/de\/wp-json\/wp\/v2\/users\/2"}],"replies":[{"embeddable":true,"href":"https:\/\/www.declic-communication.fr\/de\/wp-json\/wp\/v2\/comments?post=22002"}],"version-history":[{"count":0,"href":"https:\/\/www.declic-communication.fr\/de\/wp-json\/wp\/v2\/posts\/22002\/revisions"}],"wp:featuredmedia":[{"embeddable":true,"href":"https:\/\/www.declic-communication.fr\/de\/wp-json\/wp\/v2\/media\/21859"}],"wp:attachment":[{"href":"https:\/\/www.declic-communication.fr\/de\/wp-json\/wp\/v2\/media?parent=22002"}],"wp:term":[{"taxonomy":"category","embeddable":true,"href":"https:\/\/www.declic-communication.fr\/de\/wp-json\/wp\/v2\/categories?post=22002"},{"taxonomy":"post_tag","embeddable":true,"href":"https:\/\/www.declic-communication.fr\/de\/wp-json\/wp\/v2\/tags?post=22002"}],"curies":[{"name":"wp","href":"https:\/\/api.w.org\/{rel}","templated":true}]}}