{"id":22079,"date":"2020-06-30T10:08:06","date_gmt":"2020-06-30T09:08:06","guid":{"rendered":"https:\/\/www.declic-communication.com\/entreprises-collectivites-associations-donnez-un-coup-de-jeune-a-votre-identite-visuelle\/"},"modified":"2022-01-06T11:01:38","modified_gmt":"2022-01-06T10:01:38","slug":"entreprises-collectivites-associations-donnez-un-coup-de-jeune-a-votre-identite-visuelle","status":"publish","type":"post","link":"https:\/\/www.declic-communication.fr\/de\/entreprises-collectivites-associations-donnez-un-coup-de-jeune-a-votre-identite-visuelle\/","title":{"rendered":"Unternehmen, Gemeinden, Verb\u00e4nde, geben Sie Ihrer visuellen Identit\u00e4t ein neues Gesicht!"},"content":{"rendered":"<p>Mehrere Gr\u00fcnde k\u00f6nnen dazu f\u00fchren, dass Sie <strong>Ihr Logo \u00e4ndern wollen<\/strong>: das Unternehmen, die Gemeinde oder der Verein befindet sich in einem gro\u00dfen Wandel (Management, Team&#8230;), es steht vor einem <strong>wichtigen Strategiewechsel<\/strong>, sein Logo ist abgenutzt oder es will sich einfach nur an der <strong>Konkurrenz orientieren<\/strong>. Die \u00c4nderungen eines Logos spiegeln die Entwicklung des Lebens des Unternehmens, der Gemeinde oder des Vereins.<\/p>\n<p>Der Zweck einer \u00c4nderung der visuellen Identit\u00e4t besteht darin, <strong>ihr Image aufzufrischen, eine neue Zielgruppe anzusprechen oder ein wichtiges Ereignis anzuk\u00fcndigen<\/strong>. Nicht nur Unternehmen sind von diesen Ver\u00e4nderungen betroffen, <strong>auch Verb\u00e4nde und Kommunen befinden sich in einem starken Wandel (Teamwechsel, neue Strategie &#8230;) und m\u00fcssen immer am Puls der Zeit bleiben.<\/strong><\/p>\n<p>Ein Logo <strong>muss 8 Hauptkriterien erf\u00fcllen<\/strong>:<\/p>\n<ul>\n<li>sich an Ihren Bereich anpassen<\/li>\n<li>einzigartig und unverwechselbar sein<\/li>\n<li>lesbar sein<\/li>\n<li>einfach und auf das wesentliche konzentriert sein<\/li>\n<li>leicht erkennbar sein<\/li>\n<li>dauerhaft und zeitlos sein<\/li>\n<li>abwandelbar sein f\u00fcr alle grafischen Tr\u00e4ger<\/li>\n<li>relevante Farben haben<\/li>\n<\/ul>\n<p>Um mehr \u00fcber die Merkmale eines guten Logotyps zu erfahren, <strong>besichtigen Sie unsere Seite<\/strong>, <strong><a href=\"https:\/\/www.declic-communication.com\/creation-nom-identite-visuelle\/\">\u00a0&#8220;Name und visuelle Identit\u00e4t Erstellung&#8221;\u00a0<\/a><\/strong><\/p>\n<p>Bei D\u00e9clic Communication <strong>bieten wir Ihnen 2 L\u00f6sungen an, um Ihre visuelle Identit\u00e4t zu erneuern<\/strong>:<\/p>\n<ul>\n<li><strong>das Lifting Ihres Logos<\/strong> (wir behalten die Basis Ihres Logos f\u00fcr die Modernisierung)<\/li>\n<li><strong>die Erstellung eines neuen Logos<\/strong> (wir \u00e4ndern Ihr Logo komplett)<\/li>\n<\/ul>\n<p>Unser Team begleitet Sie, um Ihr Image zu erneuern,<strong> ihm Schwung zu verleihen und die wichtigen Entwicklungen Ihres Unternehmens, Ihrer Gemeinde oder Ihres Verbandes vorzuheben.<\/strong><\/p>\n<p>Das Logo hat, wenn es gut gemacht ist, <strong>eine Lebensdauer von zwischen 8 und 10 Jahren<\/strong>. Dar\u00fcber hinaus ist es heutzutage im Zuge der Entwicklung der Technologien ratsam, <strong>ein Logo zu haben, das sich an alle Arten von Formaten und Tr\u00e4gern (Telefon, Tablet, Computer&#8230;) anpassen l\u00e4sst. Die Erstellung oder Neugestaltung eines Logos erfordert ein gewisses Know-how, denn es muss die richtige Botschaft, die richtigen Emotionen und die richtigen Werte unter Beachtung der oben genannten Kriterien vermitteln. Daher ist es vorzuziehen, diese Aufgabe einer spezialisierten Agentur anzuvertrauen<\/strong>.<\/p>\n<p><strong>D\u00e9clic Communication hat \u00fcber mehr als 30 Jahre Erfahrung in der Erstellung von visuellen Identit\u00e4ten,<a href=\"https:\/\/www.declic-communication.com\/contact\/\"> kontaktieren Sie uns!<\/a><\/strong><\/p>\n","protected":false},"excerpt":{"rendered":"<p>Mehrere Gr\u00fcnde k\u00f6nnen dazu f\u00fchren, dass Sie Ihr Logo \u00e4ndern wollen: das Unternehmen, die Gemeinde oder der Verein befindet sich in einem gro\u00dfen Wandel (Management, Team&#8230;), es steht vor einem wichtigen Strategiewechsel, sein Logo ist abgenutzt oder es will sich einfach nur an der Konkurrenz orientieren. Die \u00c4nderungen eines Logos spiegeln die Entwicklung des Lebens [&hellip;]<\/p>\n","protected":false},"author":5,"featured_media":22077,"comment_status":"closed","ping_status":"closed","sticky":false,"template":"","format":"standard","meta":{"inline_featured_image":false,"footnotes":""},"categories":[31],"tags":[],"class_list":["post-22079","post","type-post","status-publish","format-standard","has-post-thumbnail","hentry","category-nachrichten"],"yoast_head":"<!-- This site is optimized with the Yoast SEO plugin v20.4 - https:\/\/yoast.com\/wordpress\/plugins\/seo\/ -->\n<title>Unternehmen, Gemeinden, Verb\u00e4nde, geben Sie Ihrer visuellen Identit\u00e4t ein neues Gesicht! - D\u00e9clic Communication<\/title>\n<meta name=\"robots\" content=\"index, follow, max-snippet:-1, max-image-preview:large, max-video-preview:-1\" \/>\n<link rel=\"canonical\" href=\"https:\/\/www.declic-communication.fr\/de\/entreprises-collectivites-associations-donnez-un-coup-de-jeune-a-votre-identite-visuelle\/\" \/>\n<meta property=\"og:locale\" content=\"de_DE\" \/>\n<meta property=\"og:type\" content=\"article\" \/>\n<meta property=\"og:title\" content=\"Unternehmen, Gemeinden, Verb\u00e4nde, geben Sie Ihrer visuellen Identit\u00e4t ein neues Gesicht! - D\u00e9clic Communication\" \/>\n<meta property=\"og:description\" content=\"Mehrere Gr\u00fcnde k\u00f6nnen dazu f\u00fchren, dass Sie Ihr Logo \u00e4ndern wollen: das Unternehmen, die Gemeinde oder der Verein befindet sich in einem gro\u00dfen Wandel (Management, Team&#8230;), es steht vor einem wichtigen Strategiewechsel, sein Logo ist abgenutzt oder es will sich einfach nur an der Konkurrenz orientieren. Die \u00c4nderungen eines Logos spiegeln die Entwicklung des Lebens [&hellip;]\" \/>\n<meta property=\"og:url\" content=\"https:\/\/www.declic-communication.fr\/de\/entreprises-collectivites-associations-donnez-un-coup-de-jeune-a-votre-identite-visuelle\/\" \/>\n<meta property=\"og:site_name\" content=\"D\u00e9clic Communication\" \/>\n<meta property=\"article:published_time\" content=\"2020-06-30T09:08:06+00:00\" \/>\n<meta property=\"article:modified_time\" content=\"2022-01-06T10:01:38+00:00\" \/>\n<meta property=\"og:image\" content=\"https:\/\/www.declic-communication.fr\/wp-content\/uploads\/2020\/06\/identite-visuelle-rajeunir-declic.jpg\" \/>\n\t<meta property=\"og:image:width\" content=\"900\" \/>\n\t<meta property=\"og:image:height\" content=\"600\" \/>\n\t<meta property=\"og:image:type\" content=\"image\/jpeg\" \/>\n<meta name=\"author\" content=\"Lise BRAUN\" \/>\n<meta name=\"twitter:card\" content=\"summary_large_image\" \/>\n<meta name=\"twitter:label1\" content=\"Verfasst von\" \/>\n\t<meta name=\"twitter:data1\" content=\"Lise BRAUN\" \/>\n\t<meta name=\"twitter:label2\" content=\"Gesch\u00e4tzte Lesezeit\" \/>\n\t<meta name=\"twitter:data2\" content=\"2\u00a0Minuten\" \/>\n<script type=\"application\/ld+json\" class=\"yoast-schema-graph\">{\"@context\":\"https:\/\/schema.org\",\"@graph\":[{\"@type\":\"Article\",\"@id\":\"https:\/\/www.declic-communication.fr\/de\/entreprises-collectivites-associations-donnez-un-coup-de-jeune-a-votre-identite-visuelle\/#article\",\"isPartOf\":{\"@id\":\"https:\/\/www.declic-communication.fr\/de\/entreprises-collectivites-associations-donnez-un-coup-de-jeune-a-votre-identite-visuelle\/\"},\"author\":{\"name\":\"Lise BRAUN\",\"@id\":\"https:\/\/www.declic-communication.fr\/de\/#\/schema\/person\/c2bd6861d770a7ec06e53fbfab6d53ff\"},\"headline\":\"Unternehmen, Gemeinden, Verb\u00e4nde, geben Sie Ihrer visuellen Identit\u00e4t ein neues Gesicht!\",\"datePublished\":\"2020-06-30T09:08:06+00:00\",\"dateModified\":\"2022-01-06T10:01:38+00:00\",\"mainEntityOfPage\":{\"@id\":\"https:\/\/www.declic-communication.fr\/de\/entreprises-collectivites-associations-donnez-un-coup-de-jeune-a-votre-identite-visuelle\/\"},\"wordCount\":368,\"publisher\":{\"@id\":\"https:\/\/www.declic-communication.fr\/de\/#organization\"},\"articleSection\":[\"Nachrichten\"],\"inLanguage\":\"de\"},{\"@type\":\"WebPage\",\"@id\":\"https:\/\/www.declic-communication.fr\/de\/entreprises-collectivites-associations-donnez-un-coup-de-jeune-a-votre-identite-visuelle\/\",\"url\":\"https:\/\/www.declic-communication.fr\/de\/entreprises-collectivites-associations-donnez-un-coup-de-jeune-a-votre-identite-visuelle\/\",\"name\":\"Unternehmen, Gemeinden, Verb\u00e4nde, geben Sie Ihrer visuellen Identit\u00e4t ein neues Gesicht! - D\u00e9clic Communication\",\"isPartOf\":{\"@id\":\"https:\/\/www.declic-communication.fr\/de\/#website\"},\"datePublished\":\"2020-06-30T09:08:06+00:00\",\"dateModified\":\"2022-01-06T10:01:38+00:00\",\"breadcrumb\":{\"@id\":\"https:\/\/www.declic-communication.fr\/de\/entreprises-collectivites-associations-donnez-un-coup-de-jeune-a-votre-identite-visuelle\/#breadcrumb\"},\"inLanguage\":\"de\",\"potentialAction\":[{\"@type\":\"ReadAction\",\"target\":[\"https:\/\/www.declic-communication.fr\/de\/entreprises-collectivites-associations-donnez-un-coup-de-jeune-a-votre-identite-visuelle\/\"]}]},{\"@type\":\"BreadcrumbList\",\"@id\":\"https:\/\/www.declic-communication.fr\/de\/entreprises-collectivites-associations-donnez-un-coup-de-jeune-a-votre-identite-visuelle\/#breadcrumb\",\"itemListElement\":[{\"@type\":\"ListItem\",\"position\":1,\"name\":\"Accueil\",\"item\":\"https:\/\/www.declic-communication.fr\/de\/?page_id=37042\"},{\"@type\":\"ListItem\",\"position\":2,\"name\":\"Unternehmen, Gemeinden, Verb\u00e4nde, geben Sie Ihrer visuellen Identit\u00e4t ein neues Gesicht!\"}]},{\"@type\":\"WebSite\",\"@id\":\"https:\/\/www.declic-communication.fr\/de\/#website\",\"url\":\"https:\/\/www.declic-communication.fr\/de\/\",\"name\":\"D\u00e9clic Communication\",\"description\":\"Agence conseil en communication et publicit\u00e9 \u00e0 Saint-Avold en Moselle\",\"publisher\":{\"@id\":\"https:\/\/www.declic-communication.fr\/de\/#organization\"},\"potentialAction\":[{\"@type\":\"SearchAction\",\"target\":{\"@type\":\"EntryPoint\",\"urlTemplate\":\"https:\/\/www.declic-communication.fr\/de\/?s={search_term_string}\"},\"query-input\":\"required name=search_term_string\"}],\"inLanguage\":\"de\"},{\"@type\":\"Organization\",\"@id\":\"https:\/\/www.declic-communication.fr\/de\/#organization\",\"name\":\"D\u00e9clic Communication\",\"url\":\"https:\/\/www.declic-communication.fr\/de\/\",\"logo\":{\"@type\":\"ImageObject\",\"inLanguage\":\"de\",\"@id\":\"https:\/\/www.declic-communication.fr\/de\/#\/schema\/logo\/image\/\",\"url\":\"https:\/\/www.declic-communication.fr\/wp-content\/uploads\/2023\/10\/logo-declic-communication.svg\",\"contentUrl\":\"https:\/\/www.declic-communication.fr\/wp-content\/uploads\/2023\/10\/logo-declic-communication.svg\",\"width\":600,\"height\":250,\"caption\":\"D\u00e9clic Communication\"},\"image\":{\"@id\":\"https:\/\/www.declic-communication.fr\/de\/#\/schema\/logo\/image\/\"}},{\"@type\":\"Person\",\"@id\":\"https:\/\/www.declic-communication.fr\/de\/#\/schema\/person\/c2bd6861d770a7ec06e53fbfab6d53ff\",\"name\":\"Lise BRAUN\",\"url\":\"https:\/\/www.declic-communication.fr\/de\/\"}]}<\/script>\n<!-- \/ Yoast SEO plugin. -->","yoast_head_json":{"title":"Unternehmen, Gemeinden, Verb\u00e4nde, geben Sie Ihrer visuellen Identit\u00e4t ein neues Gesicht! - D\u00e9clic Communication","robots":{"index":"index","follow":"follow","max-snippet":"max-snippet:-1","max-image-preview":"max-image-preview:large","max-video-preview":"max-video-preview:-1"},"canonical":"https:\/\/www.declic-communication.fr\/de\/entreprises-collectivites-associations-donnez-un-coup-de-jeune-a-votre-identite-visuelle\/","og_locale":"de_DE","og_type":"article","og_title":"Unternehmen, Gemeinden, Verb\u00e4nde, geben Sie Ihrer visuellen Identit\u00e4t ein neues Gesicht! - D\u00e9clic Communication","og_description":"Mehrere Gr\u00fcnde k\u00f6nnen dazu f\u00fchren, dass Sie Ihr Logo \u00e4ndern wollen: das Unternehmen, die Gemeinde oder der Verein befindet sich in einem gro\u00dfen Wandel (Management, Team&#8230;), es steht vor einem wichtigen Strategiewechsel, sein Logo ist abgenutzt oder es will sich einfach nur an der Konkurrenz orientieren. Die \u00c4nderungen eines Logos spiegeln die Entwicklung des Lebens [&hellip;]","og_url":"https:\/\/www.declic-communication.fr\/de\/entreprises-collectivites-associations-donnez-un-coup-de-jeune-a-votre-identite-visuelle\/","og_site_name":"D\u00e9clic Communication","article_published_time":"2020-06-30T09:08:06+00:00","article_modified_time":"2022-01-06T10:01:38+00:00","og_image":[{"width":900,"height":600,"url":"https:\/\/www.declic-communication.fr\/wp-content\/uploads\/2020\/06\/identite-visuelle-rajeunir-declic.jpg","type":"image\/jpeg"}],"author":"Lise BRAUN","twitter_card":"summary_large_image","twitter_misc":{"Verfasst von":"Lise BRAUN","Gesch\u00e4tzte Lesezeit":"2\u00a0Minuten"},"schema":{"@context":"https:\/\/schema.org","@graph":[{"@type":"Article","@id":"https:\/\/www.declic-communication.fr\/de\/entreprises-collectivites-associations-donnez-un-coup-de-jeune-a-votre-identite-visuelle\/#article","isPartOf":{"@id":"https:\/\/www.declic-communication.fr\/de\/entreprises-collectivites-associations-donnez-un-coup-de-jeune-a-votre-identite-visuelle\/"},"author":{"name":"Lise BRAUN","@id":"https:\/\/www.declic-communication.fr\/de\/#\/schema\/person\/c2bd6861d770a7ec06e53fbfab6d53ff"},"headline":"Unternehmen, Gemeinden, Verb\u00e4nde, geben Sie Ihrer visuellen Identit\u00e4t ein neues Gesicht!","datePublished":"2020-06-30T09:08:06+00:00","dateModified":"2022-01-06T10:01:38+00:00","mainEntityOfPage":{"@id":"https:\/\/www.declic-communication.fr\/de\/entreprises-collectivites-associations-donnez-un-coup-de-jeune-a-votre-identite-visuelle\/"},"wordCount":368,"publisher":{"@id":"https:\/\/www.declic-communication.fr\/de\/#organization"},"articleSection":["Nachrichten"],"inLanguage":"de"},{"@type":"WebPage","@id":"https:\/\/www.declic-communication.fr\/de\/entreprises-collectivites-associations-donnez-un-coup-de-jeune-a-votre-identite-visuelle\/","url":"https:\/\/www.declic-communication.fr\/de\/entreprises-collectivites-associations-donnez-un-coup-de-jeune-a-votre-identite-visuelle\/","name":"Unternehmen, Gemeinden, Verb\u00e4nde, geben Sie Ihrer visuellen Identit\u00e4t ein neues Gesicht! - D\u00e9clic Communication","isPartOf":{"@id":"https:\/\/www.declic-communication.fr\/de\/#website"},"datePublished":"2020-06-30T09:08:06+00:00","dateModified":"2022-01-06T10:01:38+00:00","breadcrumb":{"@id":"https:\/\/www.declic-communication.fr\/de\/entreprises-collectivites-associations-donnez-un-coup-de-jeune-a-votre-identite-visuelle\/#breadcrumb"},"inLanguage":"de","potentialAction":[{"@type":"ReadAction","target":["https:\/\/www.declic-communication.fr\/de\/entreprises-collectivites-associations-donnez-un-coup-de-jeune-a-votre-identite-visuelle\/"]}]},{"@type":"BreadcrumbList","@id":"https:\/\/www.declic-communication.fr\/de\/entreprises-collectivites-associations-donnez-un-coup-de-jeune-a-votre-identite-visuelle\/#breadcrumb","itemListElement":[{"@type":"ListItem","position":1,"name":"Accueil","item":"https:\/\/www.declic-communication.fr\/de\/?page_id=37042"},{"@type":"ListItem","position":2,"name":"Unternehmen, Gemeinden, Verb\u00e4nde, geben Sie Ihrer visuellen Identit\u00e4t ein neues Gesicht!"}]},{"@type":"WebSite","@id":"https:\/\/www.declic-communication.fr\/de\/#website","url":"https:\/\/www.declic-communication.fr\/de\/","name":"D\u00e9clic Communication","description":"Agence conseil en communication et publicit\u00e9 \u00e0 Saint-Avold en Moselle","publisher":{"@id":"https:\/\/www.declic-communication.fr\/de\/#organization"},"potentialAction":[{"@type":"SearchAction","target":{"@type":"EntryPoint","urlTemplate":"https:\/\/www.declic-communication.fr\/de\/?s={search_term_string}"},"query-input":"required name=search_term_string"}],"inLanguage":"de"},{"@type":"Organization","@id":"https:\/\/www.declic-communication.fr\/de\/#organization","name":"D\u00e9clic Communication","url":"https:\/\/www.declic-communication.fr\/de\/","logo":{"@type":"ImageObject","inLanguage":"de","@id":"https:\/\/www.declic-communication.fr\/de\/#\/schema\/logo\/image\/","url":"https:\/\/www.declic-communication.fr\/wp-content\/uploads\/2023\/10\/logo-declic-communication.svg","contentUrl":"https:\/\/www.declic-communication.fr\/wp-content\/uploads\/2023\/10\/logo-declic-communication.svg","width":600,"height":250,"caption":"D\u00e9clic Communication"},"image":{"@id":"https:\/\/www.declic-communication.fr\/de\/#\/schema\/logo\/image\/"}},{"@type":"Person","@id":"https:\/\/www.declic-communication.fr\/de\/#\/schema\/person\/c2bd6861d770a7ec06e53fbfab6d53ff","name":"Lise BRAUN","url":"https:\/\/www.declic-communication.fr\/de\/"}]}},"_links":{"self":[{"href":"https:\/\/www.declic-communication.fr\/de\/wp-json\/wp\/v2\/posts\/22079","targetHints":{"allow":["GET"]}}],"collection":[{"href":"https:\/\/www.declic-communication.fr\/de\/wp-json\/wp\/v2\/posts"}],"about":[{"href":"https:\/\/www.declic-communication.fr\/de\/wp-json\/wp\/v2\/types\/post"}],"author":[{"embeddable":true,"href":"https:\/\/www.declic-communication.fr\/de\/wp-json\/wp\/v2\/users\/5"}],"replies":[{"embeddable":true,"href":"https:\/\/www.declic-communication.fr\/de\/wp-json\/wp\/v2\/comments?post=22079"}],"version-history":[{"count":0,"href":"https:\/\/www.declic-communication.fr\/de\/wp-json\/wp\/v2\/posts\/22079\/revisions"}],"wp:featuredmedia":[{"embeddable":true,"href":"https:\/\/www.declic-communication.fr\/de\/wp-json\/wp\/v2\/media\/22077"}],"wp:attachment":[{"href":"https:\/\/www.declic-communication.fr\/de\/wp-json\/wp\/v2\/media?parent=22079"}],"wp:term":[{"taxonomy":"category","embeddable":true,"href":"https:\/\/www.declic-communication.fr\/de\/wp-json\/wp\/v2\/categories?post=22079"},{"taxonomy":"post_tag","embeddable":true,"href":"https:\/\/www.declic-communication.fr\/de\/wp-json\/wp\/v2\/tags?post=22079"}],"curies":[{"name":"wp","href":"https:\/\/api.w.org\/{rel}","templated":true}]}}