{"id":22245,"date":"2020-08-28T08:48:39","date_gmt":"2020-08-28T07:48:39","guid":{"rendered":"https:\/\/www.declic-communication.com\/travailler-oui-mais-en-respectant-les-gestes-barrieres-cest-mieux\/"},"modified":"2022-01-06T11:01:38","modified_gmt":"2022-01-06T10:01:38","slug":"travailler-oui-mais-en-respectant-les-gestes-barrieres-cest-mieux","status":"publish","type":"post","link":"https:\/\/www.declic-communication.fr\/de\/travailler-oui-mais-en-respectant-les-gestes-barrieres-cest-mieux\/","title":{"rendered":"Besser Arbeiten mit Sicherheitsvorschriften!"},"content":{"rendered":"<p>Wie Sie wissen, ist ab dem 1. September das Tragen von Masken in den Unternehmen Pflicht, insbesondere in den Gemeinschaftsr\u00e4umen (Gemeinschaftsb\u00fcros, Korridore, Umkleider\u00e4ume, Open-spaces&#8230;). Aber keine Sorge, bei D\u00e9clic sind wir, sogar maskiert, einsatzbereit, um Ihre Projekte auf den Weg zu bringen und Ihre Sichtbarkeit zu erh\u00f6hen!<\/p>\n<div class=\"o9v6fnle cxmmr5t8 oygrvhab hcukyx3x c1et5uql ii04i59q\">\n<div dir=\"auto\"><span class=\"q9uorilb tbxw36s4 knj5qynh kvgmc6g5 ditlmg2l oygrvhab nvdbi5me fgm26odu gl3lb2sf hhz5lgdu\"><img decoding=\"async\" src=\"https:\/\/static.xx.fbcdn.net\/images\/emoji.php\/v9\/t2a\/2\/16\/1f465.png\" alt=\"&#x1f465;\" width=\"16\" height=\"16\" \/><\/span> Beratung<\/div>\n<div dir=\"auto\"><span class=\"q9uorilb tbxw36s4 knj5qynh kvgmc6g5 ditlmg2l oygrvhab nvdbi5me fgm26odu gl3lb2sf hhz5lgdu\"><img decoding=\"async\" src=\"https:\/\/static.xx.fbcdn.net\/images\/emoji.php\/v9\/ta4\/2\/16\/1f9e9.png\" alt=\"&#x1f9e9;\" width=\"16\" height=\"16\" \/><\/span> Strategie<\/div>\n<div dir=\"auto\"><span class=\"q9uorilb tbxw36s4 knj5qynh kvgmc6g5 ditlmg2l oygrvhab nvdbi5me fgm26odu gl3lb2sf hhz5lgdu\"><img decoding=\"async\" src=\"https:\/\/static.xx.fbcdn.net\/images\/emoji.php\/v9\/t4f\/2\/16\/1f3af.png\" alt=\"&#x1f3af;\" width=\"16\" height=\"16\" \/><\/span> Marketing<\/div>\n<div dir=\"auto\"><span class=\"q9uorilb tbxw36s4 knj5qynh kvgmc6g5 ditlmg2l oygrvhab nvdbi5me fgm26odu gl3lb2sf hhz5lgdu\"><img loading=\"lazy\" decoding=\"async\" src=\"https:\/\/static.xx.fbcdn.net\/images\/emoji.php\/v9\/t44\/2\/16\/1f939_200d_2640.png\" alt=\"&#x1f939;&#x200d;&#x2640;&#xfe0f;\" width=\"16\" height=\"16\" \/><\/span> Kreativit\u00e4t<\/div>\n<div dir=\"auto\"><span class=\"q9uorilb tbxw36s4 knj5qynh kvgmc6g5 ditlmg2l oygrvhab nvdbi5me fgm26odu gl3lb2sf hhz5lgdu\"><img loading=\"lazy\" decoding=\"async\" src=\"https:\/\/static.xx.fbcdn.net\/images\/emoji.php\/v9\/td7\/2\/16\/1f46b.png\" alt=\"&#x1f46b;\" width=\"16\" height=\"16\" \/><\/span> Begleitung<\/div>\n<\/div>\n<p>Unsere <strong>Plakate wurden aktualisiert<\/strong>, um die neuen Barrierema\u00dfnahmen zu erl\u00e4utern, die innerhalb unserer Agentur zu beachten sind. <strong>Wenn auch Sie Ihre Poster aktualisieren m\u00f6chten<\/strong>, <a href=\"http:\/\/declic-communication.com\"><strong>kontaktieren Sie uns<\/strong><\/a>.<\/p>\n<div id='gallery-1' class='gallery galleryid-22245 gallery-columns-3 gallery-size-medium'><figure class='gallery-item'>\n\t\t\t<div class='gallery-icon landscape'>\n\t\t\t\t<a href='https:\/\/www.declic-communication.fr\/wp-content\/uploads\/2020\/08\/affiche-mesure-barriere.jpg'><img loading=\"lazy\" decoding=\"async\" width=\"300\" height=\"229\" src=\"https:\/\/www.declic-communication.fr\/wp-content\/uploads\/2020\/08\/affiche-mesure-barriere-300x229.jpg\" class=\"attachment-medium size-medium\" alt=\"\" srcset=\"https:\/\/www.declic-communication.fr\/wp-content\/uploads\/2020\/08\/affiche-mesure-barriere-300x229.jpg 300w, https:\/\/www.declic-communication.fr\/wp-content\/uploads\/2020\/08\/affiche-mesure-barriere-768x585.jpg 768w, https:\/\/www.declic-communication.fr\/wp-content\/uploads\/2020\/08\/affiche-mesure-barriere.jpg 900w\" sizes=\"(max-width: 300px) 100vw, 300px\" \/><\/a>\n\t\t\t<\/div><\/figure><figure class='gallery-item'>\n\t\t\t<div class='gallery-icon landscape'>\n\t\t\t\t<a href='https:\/\/www.declic-communication.fr\/wp-content\/uploads\/2020\/08\/yann-masque-covid.jpg'><img loading=\"lazy\" decoding=\"async\" width=\"300\" height=\"225\" src=\"https:\/\/www.declic-communication.fr\/wp-content\/uploads\/2020\/08\/yann-masque-covid-300x225.jpg\" class=\"attachment-medium size-medium\" alt=\"\" srcset=\"https:\/\/www.declic-communication.fr\/wp-content\/uploads\/2020\/08\/yann-masque-covid-300x225.jpg 300w, https:\/\/www.declic-communication.fr\/wp-content\/uploads\/2020\/08\/yann-masque-covid-768x576.jpg 768w, https:\/\/www.declic-communication.fr\/wp-content\/uploads\/2020\/08\/yann-masque-covid.jpg 900w\" sizes=\"(max-width: 300px) 100vw, 300px\" \/><\/a>\n\t\t\t<\/div><\/figure><figure class='gallery-item'>\n\t\t\t<div class='gallery-icon landscape'>\n\t\t\t\t<a href='https:\/\/www.declic-communication.fr\/wp-content\/uploads\/2020\/08\/florence-masque-covid.jpg'><img loading=\"lazy\" decoding=\"async\" width=\"300\" height=\"234\" src=\"https:\/\/www.declic-communication.fr\/wp-content\/uploads\/2020\/08\/florence-masque-covid-300x234.jpg\" class=\"attachment-medium size-medium\" alt=\"\" srcset=\"https:\/\/www.declic-communication.fr\/wp-content\/uploads\/2020\/08\/florence-masque-covid-300x234.jpg 300w, https:\/\/www.declic-communication.fr\/wp-content\/uploads\/2020\/08\/florence-masque-covid-768x598.jpg 768w, https:\/\/www.declic-communication.fr\/wp-content\/uploads\/2020\/08\/florence-masque-covid.jpg 900w\" sizes=\"(max-width: 300px) 100vw, 300px\" \/><\/a>\n\t\t\t<\/div><\/figure><figure class='gallery-item'>\n\t\t\t<div class='gallery-icon landscape'>\n\t\t\t\t<a href='https:\/\/www.declic-communication.fr\/wp-content\/uploads\/2020\/08\/benoit-masque-covid.jpg'><img loading=\"lazy\" decoding=\"async\" width=\"300\" height=\"225\" src=\"https:\/\/www.declic-communication.fr\/wp-content\/uploads\/2020\/08\/benoit-masque-covid-300x225.jpg\" class=\"attachment-medium size-medium\" alt=\"\" srcset=\"https:\/\/www.declic-communication.fr\/wp-content\/uploads\/2020\/08\/benoit-masque-covid-300x225.jpg 300w, https:\/\/www.declic-communication.fr\/wp-content\/uploads\/2020\/08\/benoit-masque-covid-768x576.jpg 768w, https:\/\/www.declic-communication.fr\/wp-content\/uploads\/2020\/08\/benoit-masque-covid.jpg 900w\" sizes=\"(max-width: 300px) 100vw, 300px\" \/><\/a>\n\t\t\t<\/div><\/figure><figure class='gallery-item'>\n\t\t\t<div class='gallery-icon landscape'>\n\t\t\t\t<a href='https:\/\/www.declic-communication.fr\/wp-content\/uploads\/2020\/08\/118509414_338102373908711_2347093530211637372_n-scaled-1.jpg'><img loading=\"lazy\" decoding=\"async\" width=\"300\" height=\"225\" src=\"https:\/\/www.declic-communication.fr\/wp-content\/uploads\/2020\/08\/118509414_338102373908711_2347093530211637372_n-scaled-1-300x225.jpg\" class=\"attachment-medium size-medium\" alt=\"\" srcset=\"https:\/\/www.declic-communication.fr\/wp-content\/uploads\/2020\/08\/118509414_338102373908711_2347093530211637372_n-scaled-1-300x225.jpg 300w, https:\/\/www.declic-communication.fr\/wp-content\/uploads\/2020\/08\/118509414_338102373908711_2347093530211637372_n-scaled-1-1200x900.jpg 1200w, https:\/\/www.declic-communication.fr\/wp-content\/uploads\/2020\/08\/118509414_338102373908711_2347093530211637372_n-scaled-1-768x576.jpg 768w, https:\/\/www.declic-communication.fr\/wp-content\/uploads\/2020\/08\/118509414_338102373908711_2347093530211637372_n-scaled-1-1536x1152.jpg 1536w, https:\/\/www.declic-communication.fr\/wp-content\/uploads\/2020\/08\/118509414_338102373908711_2347093530211637372_n-scaled-1-2048x1536.jpg 2048w\" sizes=\"(max-width: 300px) 100vw, 300px\" \/><\/a>\n\t\t\t<\/div><\/figure><figure class='gallery-item'>\n\t\t\t<div class='gallery-icon landscape'>\n\t\t\t\t<a href='https:\/\/www.declic-communication.fr\/wp-content\/uploads\/2020\/08\/seb-masque-covid.jpg'><img loading=\"lazy\" decoding=\"async\" width=\"300\" height=\"225\" src=\"https:\/\/www.declic-communication.fr\/wp-content\/uploads\/2020\/08\/seb-masque-covid-300x225.jpg\" class=\"attachment-medium size-medium\" alt=\"\" srcset=\"https:\/\/www.declic-communication.fr\/wp-content\/uploads\/2020\/08\/seb-masque-covid-300x225.jpg 300w, https:\/\/www.declic-communication.fr\/wp-content\/uploads\/2020\/08\/seb-masque-covid-768x576.jpg 768w, https:\/\/www.declic-communication.fr\/wp-content\/uploads\/2020\/08\/seb-masque-covid.jpg 900w\" sizes=\"(max-width: 300px) 100vw, 300px\" \/><\/a>\n\t\t\t<\/div><\/figure>\n\t\t<\/div>\n\n","protected":false},"excerpt":{"rendered":"<p>Wie Sie wissen, ist ab dem 1. September das Tragen von Masken in den Unternehmen Pflicht, insbesondere in den Gemeinschaftsr\u00e4umen (Gemeinschaftsb\u00fcros, Korridore, Umkleider\u00e4ume, Open-spaces&#8230;). Aber keine Sorge, bei D\u00e9clic sind wir, sogar maskiert, einsatzbereit, um Ihre Projekte auf den Weg zu bringen und Ihre Sichtbarkeit zu erh\u00f6hen! Beratung Strategie Marketing Kreativit\u00e4t Begleitung Unsere Plakate wurden [&hellip;]<\/p>\n","protected":false},"author":5,"featured_media":22226,"comment_status":"closed","ping_status":"closed","sticky":false,"template":"","format":"standard","meta":{"inline_featured_image":false,"footnotes":""},"categories":[31],"tags":[],"class_list":["post-22245","post","type-post","status-publish","format-standard","has-post-thumbnail","hentry","category-nachrichten"],"yoast_head":"<!-- This site is optimized with the Yoast SEO plugin v20.4 - https:\/\/yoast.com\/wordpress\/plugins\/seo\/ -->\n<title>Besser Arbeiten mit Sicherheitsvorschriften! - D\u00e9clic Communication<\/title>\n<meta name=\"robots\" content=\"index, follow, max-snippet:-1, max-image-preview:large, max-video-preview:-1\" \/>\n<link rel=\"canonical\" href=\"https:\/\/www.declic-communication.fr\/de\/travailler-oui-mais-en-respectant-les-gestes-barrieres-cest-mieux\/\" \/>\n<meta property=\"og:locale\" content=\"de_DE\" \/>\n<meta property=\"og:type\" content=\"article\" \/>\n<meta property=\"og:title\" content=\"Besser Arbeiten mit Sicherheitsvorschriften! - D\u00e9clic Communication\" \/>\n<meta property=\"og:description\" content=\"Wie Sie wissen, ist ab dem 1. September das Tragen von Masken in den Unternehmen Pflicht, insbesondere in den Gemeinschaftsr\u00e4umen (Gemeinschaftsb\u00fcros, Korridore, Umkleider\u00e4ume, Open-spaces&#8230;). Aber keine Sorge, bei D\u00e9clic sind wir, sogar maskiert, einsatzbereit, um Ihre Projekte auf den Weg zu bringen und Ihre Sichtbarkeit zu erh\u00f6hen! Beratung Strategie Marketing Kreativit\u00e4t Begleitung Unsere Plakate wurden [&hellip;]\" \/>\n<meta property=\"og:url\" content=\"https:\/\/www.declic-communication.fr\/de\/travailler-oui-mais-en-respectant-les-gestes-barrieres-cest-mieux\/\" \/>\n<meta property=\"og:site_name\" content=\"D\u00e9clic Communication\" \/>\n<meta property=\"article:published_time\" content=\"2020-08-28T07:48:39+00:00\" \/>\n<meta property=\"article:modified_time\" content=\"2022-01-06T10:01:38+00:00\" \/>\n<meta property=\"og:image\" content=\"https:\/\/www.declic-communication.fr\/wp-content\/uploads\/2020\/08\/declic-mesure-covid.jpg\" \/>\n\t<meta property=\"og:image:width\" content=\"900\" \/>\n\t<meta property=\"og:image:height\" content=\"600\" \/>\n\t<meta property=\"og:image:type\" content=\"image\/jpeg\" \/>\n<meta name=\"author\" content=\"Lise BRAUN\" \/>\n<meta name=\"twitter:card\" content=\"summary_large_image\" \/>\n<meta name=\"twitter:label1\" content=\"Verfasst von\" \/>\n\t<meta name=\"twitter:data1\" content=\"Lise BRAUN\" \/>\n<script type=\"application\/ld+json\" class=\"yoast-schema-graph\">{\"@context\":\"https:\/\/schema.org\",\"@graph\":[{\"@type\":\"Article\",\"@id\":\"https:\/\/www.declic-communication.fr\/de\/travailler-oui-mais-en-respectant-les-gestes-barrieres-cest-mieux\/#article\",\"isPartOf\":{\"@id\":\"https:\/\/www.declic-communication.fr\/de\/travailler-oui-mais-en-respectant-les-gestes-barrieres-cest-mieux\/\"},\"author\":{\"name\":\"Lise BRAUN\",\"@id\":\"https:\/\/www.declic-communication.fr\/de\/#\/schema\/person\/c2bd6861d770a7ec06e53fbfab6d53ff\"},\"headline\":\"Besser Arbeiten mit Sicherheitsvorschriften!\",\"datePublished\":\"2020-08-28T07:48:39+00:00\",\"dateModified\":\"2022-01-06T10:01:38+00:00\",\"mainEntityOfPage\":{\"@id\":\"https:\/\/www.declic-communication.fr\/de\/travailler-oui-mais-en-respectant-les-gestes-barrieres-cest-mieux\/\"},\"wordCount\":97,\"publisher\":{\"@id\":\"https:\/\/www.declic-communication.fr\/de\/#organization\"},\"articleSection\":[\"Nachrichten\"],\"inLanguage\":\"de\"},{\"@type\":\"WebPage\",\"@id\":\"https:\/\/www.declic-communication.fr\/de\/travailler-oui-mais-en-respectant-les-gestes-barrieres-cest-mieux\/\",\"url\":\"https:\/\/www.declic-communication.fr\/de\/travailler-oui-mais-en-respectant-les-gestes-barrieres-cest-mieux\/\",\"name\":\"Besser Arbeiten mit Sicherheitsvorschriften! - D\u00e9clic Communication\",\"isPartOf\":{\"@id\":\"https:\/\/www.declic-communication.fr\/de\/#website\"},\"datePublished\":\"2020-08-28T07:48:39+00:00\",\"dateModified\":\"2022-01-06T10:01:38+00:00\",\"breadcrumb\":{\"@id\":\"https:\/\/www.declic-communication.fr\/de\/travailler-oui-mais-en-respectant-les-gestes-barrieres-cest-mieux\/#breadcrumb\"},\"inLanguage\":\"de\",\"potentialAction\":[{\"@type\":\"ReadAction\",\"target\":[\"https:\/\/www.declic-communication.fr\/de\/travailler-oui-mais-en-respectant-les-gestes-barrieres-cest-mieux\/\"]}]},{\"@type\":\"BreadcrumbList\",\"@id\":\"https:\/\/www.declic-communication.fr\/de\/travailler-oui-mais-en-respectant-les-gestes-barrieres-cest-mieux\/#breadcrumb\",\"itemListElement\":[{\"@type\":\"ListItem\",\"position\":1,\"name\":\"Accueil\",\"item\":\"https:\/\/www.declic-communication.fr\/de\/?page_id=37042\"},{\"@type\":\"ListItem\",\"position\":2,\"name\":\"Besser Arbeiten mit Sicherheitsvorschriften!\"}]},{\"@type\":\"WebSite\",\"@id\":\"https:\/\/www.declic-communication.fr\/de\/#website\",\"url\":\"https:\/\/www.declic-communication.fr\/de\/\",\"name\":\"D\u00e9clic Communication\",\"description\":\"Agence conseil en communication et publicit\u00e9 \u00e0 Saint-Avold en Moselle\",\"publisher\":{\"@id\":\"https:\/\/www.declic-communication.fr\/de\/#organization\"},\"potentialAction\":[{\"@type\":\"SearchAction\",\"target\":{\"@type\":\"EntryPoint\",\"urlTemplate\":\"https:\/\/www.declic-communication.fr\/de\/?s={search_term_string}\"},\"query-input\":\"required name=search_term_string\"}],\"inLanguage\":\"de\"},{\"@type\":\"Organization\",\"@id\":\"https:\/\/www.declic-communication.fr\/de\/#organization\",\"name\":\"D\u00e9clic Communication\",\"url\":\"https:\/\/www.declic-communication.fr\/de\/\",\"logo\":{\"@type\":\"ImageObject\",\"inLanguage\":\"de\",\"@id\":\"https:\/\/www.declic-communication.fr\/de\/#\/schema\/logo\/image\/\",\"url\":\"https:\/\/www.declic-communication.fr\/wp-content\/uploads\/2023\/10\/logo-declic-communication.svg\",\"contentUrl\":\"https:\/\/www.declic-communication.fr\/wp-content\/uploads\/2023\/10\/logo-declic-communication.svg\",\"width\":600,\"height\":250,\"caption\":\"D\u00e9clic Communication\"},\"image\":{\"@id\":\"https:\/\/www.declic-communication.fr\/de\/#\/schema\/logo\/image\/\"}},{\"@type\":\"Person\",\"@id\":\"https:\/\/www.declic-communication.fr\/de\/#\/schema\/person\/c2bd6861d770a7ec06e53fbfab6d53ff\",\"name\":\"Lise BRAUN\",\"url\":\"https:\/\/www.declic-communication.fr\/de\/\"}]}<\/script>\n<!-- \/ Yoast SEO plugin. -->","yoast_head_json":{"title":"Besser Arbeiten mit Sicherheitsvorschriften! - D\u00e9clic Communication","robots":{"index":"index","follow":"follow","max-snippet":"max-snippet:-1","max-image-preview":"max-image-preview:large","max-video-preview":"max-video-preview:-1"},"canonical":"https:\/\/www.declic-communication.fr\/de\/travailler-oui-mais-en-respectant-les-gestes-barrieres-cest-mieux\/","og_locale":"de_DE","og_type":"article","og_title":"Besser Arbeiten mit Sicherheitsvorschriften! - D\u00e9clic Communication","og_description":"Wie Sie wissen, ist ab dem 1. September das Tragen von Masken in den Unternehmen Pflicht, insbesondere in den Gemeinschaftsr\u00e4umen (Gemeinschaftsb\u00fcros, Korridore, Umkleider\u00e4ume, Open-spaces&#8230;). Aber keine Sorge, bei D\u00e9clic sind wir, sogar maskiert, einsatzbereit, um Ihre Projekte auf den Weg zu bringen und Ihre Sichtbarkeit zu erh\u00f6hen! Beratung Strategie Marketing Kreativit\u00e4t Begleitung Unsere Plakate wurden [&hellip;]","og_url":"https:\/\/www.declic-communication.fr\/de\/travailler-oui-mais-en-respectant-les-gestes-barrieres-cest-mieux\/","og_site_name":"D\u00e9clic Communication","article_published_time":"2020-08-28T07:48:39+00:00","article_modified_time":"2022-01-06T10:01:38+00:00","og_image":[{"width":900,"height":600,"url":"https:\/\/www.declic-communication.fr\/wp-content\/uploads\/2020\/08\/declic-mesure-covid.jpg","type":"image\/jpeg"}],"author":"Lise BRAUN","twitter_card":"summary_large_image","twitter_misc":{"Verfasst von":"Lise BRAUN"},"schema":{"@context":"https:\/\/schema.org","@graph":[{"@type":"Article","@id":"https:\/\/www.declic-communication.fr\/de\/travailler-oui-mais-en-respectant-les-gestes-barrieres-cest-mieux\/#article","isPartOf":{"@id":"https:\/\/www.declic-communication.fr\/de\/travailler-oui-mais-en-respectant-les-gestes-barrieres-cest-mieux\/"},"author":{"name":"Lise BRAUN","@id":"https:\/\/www.declic-communication.fr\/de\/#\/schema\/person\/c2bd6861d770a7ec06e53fbfab6d53ff"},"headline":"Besser Arbeiten mit Sicherheitsvorschriften!","datePublished":"2020-08-28T07:48:39+00:00","dateModified":"2022-01-06T10:01:38+00:00","mainEntityOfPage":{"@id":"https:\/\/www.declic-communication.fr\/de\/travailler-oui-mais-en-respectant-les-gestes-barrieres-cest-mieux\/"},"wordCount":97,"publisher":{"@id":"https:\/\/www.declic-communication.fr\/de\/#organization"},"articleSection":["Nachrichten"],"inLanguage":"de"},{"@type":"WebPage","@id":"https:\/\/www.declic-communication.fr\/de\/travailler-oui-mais-en-respectant-les-gestes-barrieres-cest-mieux\/","url":"https:\/\/www.declic-communication.fr\/de\/travailler-oui-mais-en-respectant-les-gestes-barrieres-cest-mieux\/","name":"Besser Arbeiten mit Sicherheitsvorschriften! - D\u00e9clic Communication","isPartOf":{"@id":"https:\/\/www.declic-communication.fr\/de\/#website"},"datePublished":"2020-08-28T07:48:39+00:00","dateModified":"2022-01-06T10:01:38+00:00","breadcrumb":{"@id":"https:\/\/www.declic-communication.fr\/de\/travailler-oui-mais-en-respectant-les-gestes-barrieres-cest-mieux\/#breadcrumb"},"inLanguage":"de","potentialAction":[{"@type":"ReadAction","target":["https:\/\/www.declic-communication.fr\/de\/travailler-oui-mais-en-respectant-les-gestes-barrieres-cest-mieux\/"]}]},{"@type":"BreadcrumbList","@id":"https:\/\/www.declic-communication.fr\/de\/travailler-oui-mais-en-respectant-les-gestes-barrieres-cest-mieux\/#breadcrumb","itemListElement":[{"@type":"ListItem","position":1,"name":"Accueil","item":"https:\/\/www.declic-communication.fr\/de\/?page_id=37042"},{"@type":"ListItem","position":2,"name":"Besser Arbeiten mit Sicherheitsvorschriften!"}]},{"@type":"WebSite","@id":"https:\/\/www.declic-communication.fr\/de\/#website","url":"https:\/\/www.declic-communication.fr\/de\/","name":"D\u00e9clic Communication","description":"Agence conseil en communication et publicit\u00e9 \u00e0 Saint-Avold en Moselle","publisher":{"@id":"https:\/\/www.declic-communication.fr\/de\/#organization"},"potentialAction":[{"@type":"SearchAction","target":{"@type":"EntryPoint","urlTemplate":"https:\/\/www.declic-communication.fr\/de\/?s={search_term_string}"},"query-input":"required name=search_term_string"}],"inLanguage":"de"},{"@type":"Organization","@id":"https:\/\/www.declic-communication.fr\/de\/#organization","name":"D\u00e9clic Communication","url":"https:\/\/www.declic-communication.fr\/de\/","logo":{"@type":"ImageObject","inLanguage":"de","@id":"https:\/\/www.declic-communication.fr\/de\/#\/schema\/logo\/image\/","url":"https:\/\/www.declic-communication.fr\/wp-content\/uploads\/2023\/10\/logo-declic-communication.svg","contentUrl":"https:\/\/www.declic-communication.fr\/wp-content\/uploads\/2023\/10\/logo-declic-communication.svg","width":600,"height":250,"caption":"D\u00e9clic Communication"},"image":{"@id":"https:\/\/www.declic-communication.fr\/de\/#\/schema\/logo\/image\/"}},{"@type":"Person","@id":"https:\/\/www.declic-communication.fr\/de\/#\/schema\/person\/c2bd6861d770a7ec06e53fbfab6d53ff","name":"Lise BRAUN","url":"https:\/\/www.declic-communication.fr\/de\/"}]}},"_links":{"self":[{"href":"https:\/\/www.declic-communication.fr\/de\/wp-json\/wp\/v2\/posts\/22245","targetHints":{"allow":["GET"]}}],"collection":[{"href":"https:\/\/www.declic-communication.fr\/de\/wp-json\/wp\/v2\/posts"}],"about":[{"href":"https:\/\/www.declic-communication.fr\/de\/wp-json\/wp\/v2\/types\/post"}],"author":[{"embeddable":true,"href":"https:\/\/www.declic-communication.fr\/de\/wp-json\/wp\/v2\/users\/5"}],"replies":[{"embeddable":true,"href":"https:\/\/www.declic-communication.fr\/de\/wp-json\/wp\/v2\/comments?post=22245"}],"version-history":[{"count":0,"href":"https:\/\/www.declic-communication.fr\/de\/wp-json\/wp\/v2\/posts\/22245\/revisions"}],"wp:featuredmedia":[{"embeddable":true,"href":"https:\/\/www.declic-communication.fr\/de\/wp-json\/wp\/v2\/media\/22226"}],"wp:attachment":[{"href":"https:\/\/www.declic-communication.fr\/de\/wp-json\/wp\/v2\/media?parent=22245"}],"wp:term":[{"taxonomy":"category","embeddable":true,"href":"https:\/\/www.declic-communication.fr\/de\/wp-json\/wp\/v2\/categories?post=22245"},{"taxonomy":"post_tag","embeddable":true,"href":"https:\/\/www.declic-communication.fr\/de\/wp-json\/wp\/v2\/tags?post=22245"}],"curies":[{"name":"wp","href":"https:\/\/api.w.org\/{rel}","templated":true}]}}