{"id":22611,"date":"2020-11-18T14:24:15","date_gmt":"2020-11-18T13:24:15","guid":{"rendered":"https:\/\/www.declic-communication.com\/solidaire-et-ouvert-pour-accompagner-la-continuite-de-votre-activite\/"},"modified":"2022-01-07T13:08:19","modified_gmt":"2022-01-07T12:08:19","slug":"solidaire-et-ouvert-pour-accompagner-la-continuite-de-votre-activite","status":"publish","type":"post","link":"https:\/\/www.declic-communication.fr\/de\/solidaire-et-ouvert-pour-accompagner-la-continuite-de-votre-activite\/","title":{"rendered":"Solidarisch und OFFEN damit Sie Ihre Aktivit\u00e4t fortf\u00fchren k\u00f6nnen!"},"content":{"rendered":"<div class=\"kvgmc6g5 cxmmr5t8 oygrvhab hcukyx3x c1et5uql ii04i59q\">\n<div dir=\"auto\">Unsere Experten sind im Einsatz um die Welt danach vorzubereiten\u2026 und vor allem um Ihnen <strong>alternative L\u00f6sungen<\/strong> vorzuschlagen <strong>damit sie weiterhin arbeiten k\u00f6nnen oder um Ihre Wiederer\u00f6ffnung vorzubereiten<\/strong>. Setzen Sie auf <strong>Kreativit\u00e4t, Digital und Innovation<\/strong>. Damit Ihr Gesch\u00e4ft weiter lebt.<\/div>\n<div dir=\"auto\"><\/div>\n<\/div>\n<div dir=\"auto\"><strong><a href=\"https:\/\/www.declic-communication.com\/contact\/\">Kontaktieren Sie uns<\/a><\/strong> f\u00fcr <strong>leistungsvolle L\u00f6sungen<\/strong> und um Ihre Aktivit\u00e4t fortzuf\u00fchren! Wir bleiben positiv <span class=\"pq6dq46d tbxw36s4 knj5qynh kvgmc6g5 ditlmg2l oygrvhab nvdbi5me sf5mxxl7 gl3lb2sf hhz5lgdu\"><img decoding=\"async\" src=\"https:\/\/static.xx.fbcdn.net\/images\/emoji.php\/v9\/tf6\/2\/16\/1f609.png\" alt=\"\ud83d\ude09\" width=\"16\" height=\"16\"><\/span><\/div>\n","protected":false},"excerpt":{"rendered":"<p>Unsere Experten sind im Einsatz um die Welt danach vorzubereiten\u2026 und vor allem um Ihnen alternative L\u00f6sungen vorzuschlagen damit sie weiterhin arbeiten k\u00f6nnen oder um Ihre Wiederer\u00f6ffnung vorzubereiten. Setzen Sie auf Kreativit\u00e4t, Digital und Innovation. Damit Ihr Gesch\u00e4ft weiter lebt. Kontaktieren Sie uns f\u00fcr leistungsvolle L\u00f6sungen und um Ihre Aktivit\u00e4t fortzuf\u00fchren! Wir bleiben positiv<\/p>\n","protected":false},"author":5,"featured_media":22601,"comment_status":"closed","ping_status":"closed","sticky":false,"template":"","format":"standard","meta":{"inline_featured_image":false,"footnotes":""},"categories":[31],"tags":[],"class_list":["post-22611","post","type-post","status-publish","format-standard","has-post-thumbnail","hentry","category-nachrichten"],"yoast_head":"<!-- This site is optimized with the Yoast SEO plugin v20.4 - https:\/\/yoast.com\/wordpress\/plugins\/seo\/ -->\n<title>Solidarisch und OFFEN damit Sie Ihre Aktivit\u00e4t fortf\u00fchren k\u00f6nnen! - D\u00e9clic Communication<\/title>\n<meta name=\"robots\" content=\"index, follow, max-snippet:-1, max-image-preview:large, max-video-preview:-1\" \/>\n<link rel=\"canonical\" href=\"https:\/\/www.declic-communication.fr\/de\/solidaire-et-ouvert-pour-accompagner-la-continuite-de-votre-activite\/\" \/>\n<meta property=\"og:locale\" content=\"de_DE\" \/>\n<meta property=\"og:type\" content=\"article\" \/>\n<meta property=\"og:title\" content=\"Solidarisch und OFFEN damit Sie Ihre Aktivit\u00e4t fortf\u00fchren k\u00f6nnen! - D\u00e9clic Communication\" \/>\n<meta property=\"og:description\" content=\"Unsere Experten sind im Einsatz um die Welt danach vorzubereiten\u2026 und vor allem um Ihnen alternative L\u00f6sungen vorzuschlagen damit sie weiterhin arbeiten k\u00f6nnen oder um Ihre Wiederer\u00f6ffnung vorzubereiten. Setzen Sie auf Kreativit\u00e4t, Digital und Innovation. Damit Ihr Gesch\u00e4ft weiter lebt. Kontaktieren Sie uns f\u00fcr leistungsvolle L\u00f6sungen und um Ihre Aktivit\u00e4t fortzuf\u00fchren! Wir bleiben positiv\" \/>\n<meta property=\"og:url\" content=\"https:\/\/www.declic-communication.fr\/de\/solidaire-et-ouvert-pour-accompagner-la-continuite-de-votre-activite\/\" \/>\n<meta property=\"og:site_name\" content=\"D\u00e9clic Communication\" \/>\n<meta property=\"article:published_time\" content=\"2020-11-18T13:24:15+00:00\" \/>\n<meta property=\"article:modified_time\" content=\"2022-01-07T12:08:19+00:00\" \/>\n<meta property=\"og:image\" content=\"https:\/\/www.declic-communication.fr\/wp-content\/uploads\/2020\/11\/ouvert-pour-preparer-le-monde-d_apres.jpg\" \/>\n\t<meta property=\"og:image:width\" content=\"1200\" \/>\n\t<meta property=\"og:image:height\" content=\"800\" \/>\n\t<meta property=\"og:image:type\" content=\"image\/jpeg\" \/>\n<meta name=\"author\" content=\"Lise BRAUN\" \/>\n<meta name=\"twitter:card\" content=\"summary_large_image\" \/>\n<meta name=\"twitter:label1\" content=\"Verfasst von\" \/>\n\t<meta name=\"twitter:data1\" content=\"Lise BRAUN\" \/>\n\t<meta name=\"twitter:label2\" content=\"Gesch\u00e4tzte Lesezeit\" \/>\n\t<meta name=\"twitter:data2\" content=\"1\u00a0Minute\" \/>\n<script type=\"application\/ld+json\" class=\"yoast-schema-graph\">{\"@context\":\"https:\/\/schema.org\",\"@graph\":[{\"@type\":\"Article\",\"@id\":\"https:\/\/www.declic-communication.fr\/de\/solidaire-et-ouvert-pour-accompagner-la-continuite-de-votre-activite\/#article\",\"isPartOf\":{\"@id\":\"https:\/\/www.declic-communication.fr\/de\/solidaire-et-ouvert-pour-accompagner-la-continuite-de-votre-activite\/\"},\"author\":{\"name\":\"Lise BRAUN\",\"@id\":\"https:\/\/www.declic-communication.fr\/de\/#\/schema\/person\/c2bd6861d770a7ec06e53fbfab6d53ff\"},\"headline\":\"Solidarisch und OFFEN damit Sie Ihre Aktivit\u00e4t fortf\u00fchren k\u00f6nnen!\",\"datePublished\":\"2020-11-18T13:24:15+00:00\",\"dateModified\":\"2022-01-07T12:08:19+00:00\",\"mainEntityOfPage\":{\"@id\":\"https:\/\/www.declic-communication.fr\/de\/solidaire-et-ouvert-pour-accompagner-la-continuite-de-votre-activite\/\"},\"wordCount\":75,\"publisher\":{\"@id\":\"https:\/\/www.declic-communication.fr\/de\/#organization\"},\"articleSection\":[\"Nachrichten\"],\"inLanguage\":\"de\"},{\"@type\":\"WebPage\",\"@id\":\"https:\/\/www.declic-communication.fr\/de\/solidaire-et-ouvert-pour-accompagner-la-continuite-de-votre-activite\/\",\"url\":\"https:\/\/www.declic-communication.fr\/de\/solidaire-et-ouvert-pour-accompagner-la-continuite-de-votre-activite\/\",\"name\":\"Solidarisch und OFFEN damit Sie Ihre Aktivit\u00e4t fortf\u00fchren k\u00f6nnen! - D\u00e9clic Communication\",\"isPartOf\":{\"@id\":\"https:\/\/www.declic-communication.fr\/de\/#website\"},\"datePublished\":\"2020-11-18T13:24:15+00:00\",\"dateModified\":\"2022-01-07T12:08:19+00:00\",\"breadcrumb\":{\"@id\":\"https:\/\/www.declic-communication.fr\/de\/solidaire-et-ouvert-pour-accompagner-la-continuite-de-votre-activite\/#breadcrumb\"},\"inLanguage\":\"de\",\"potentialAction\":[{\"@type\":\"ReadAction\",\"target\":[\"https:\/\/www.declic-communication.fr\/de\/solidaire-et-ouvert-pour-accompagner-la-continuite-de-votre-activite\/\"]}]},{\"@type\":\"BreadcrumbList\",\"@id\":\"https:\/\/www.declic-communication.fr\/de\/solidaire-et-ouvert-pour-accompagner-la-continuite-de-votre-activite\/#breadcrumb\",\"itemListElement\":[{\"@type\":\"ListItem\",\"position\":1,\"name\":\"Accueil\",\"item\":\"https:\/\/www.declic-communication.fr\/de\/?page_id=37042\"},{\"@type\":\"ListItem\",\"position\":2,\"name\":\"Solidarisch und OFFEN damit Sie Ihre Aktivit\u00e4t fortf\u00fchren k\u00f6nnen!\"}]},{\"@type\":\"WebSite\",\"@id\":\"https:\/\/www.declic-communication.fr\/de\/#website\",\"url\":\"https:\/\/www.declic-communication.fr\/de\/\",\"name\":\"D\u00e9clic Communication\",\"description\":\"Agence conseil en communication et publicit\u00e9 \u00e0 Saint-Avold en Moselle\",\"publisher\":{\"@id\":\"https:\/\/www.declic-communication.fr\/de\/#organization\"},\"potentialAction\":[{\"@type\":\"SearchAction\",\"target\":{\"@type\":\"EntryPoint\",\"urlTemplate\":\"https:\/\/www.declic-communication.fr\/de\/?s={search_term_string}\"},\"query-input\":\"required name=search_term_string\"}],\"inLanguage\":\"de\"},{\"@type\":\"Organization\",\"@id\":\"https:\/\/www.declic-communication.fr\/de\/#organization\",\"name\":\"D\u00e9clic Communication\",\"url\":\"https:\/\/www.declic-communication.fr\/de\/\",\"logo\":{\"@type\":\"ImageObject\",\"inLanguage\":\"de\",\"@id\":\"https:\/\/www.declic-communication.fr\/de\/#\/schema\/logo\/image\/\",\"url\":\"https:\/\/www.declic-communication.fr\/wp-content\/uploads\/2023\/10\/logo-declic-communication.svg\",\"contentUrl\":\"https:\/\/www.declic-communication.fr\/wp-content\/uploads\/2023\/10\/logo-declic-communication.svg\",\"width\":600,\"height\":250,\"caption\":\"D\u00e9clic Communication\"},\"image\":{\"@id\":\"https:\/\/www.declic-communication.fr\/de\/#\/schema\/logo\/image\/\"}},{\"@type\":\"Person\",\"@id\":\"https:\/\/www.declic-communication.fr\/de\/#\/schema\/person\/c2bd6861d770a7ec06e53fbfab6d53ff\",\"name\":\"Lise BRAUN\",\"url\":\"https:\/\/www.declic-communication.fr\/de\/\"}]}<\/script>\n<!-- \/ Yoast SEO plugin. -->","yoast_head_json":{"title":"Solidarisch und OFFEN damit Sie Ihre Aktivit\u00e4t fortf\u00fchren k\u00f6nnen! - D\u00e9clic Communication","robots":{"index":"index","follow":"follow","max-snippet":"max-snippet:-1","max-image-preview":"max-image-preview:large","max-video-preview":"max-video-preview:-1"},"canonical":"https:\/\/www.declic-communication.fr\/de\/solidaire-et-ouvert-pour-accompagner-la-continuite-de-votre-activite\/","og_locale":"de_DE","og_type":"article","og_title":"Solidarisch und OFFEN damit Sie Ihre Aktivit\u00e4t fortf\u00fchren k\u00f6nnen! - D\u00e9clic Communication","og_description":"Unsere Experten sind im Einsatz um die Welt danach vorzubereiten\u2026 und vor allem um Ihnen alternative L\u00f6sungen vorzuschlagen damit sie weiterhin arbeiten k\u00f6nnen oder um Ihre Wiederer\u00f6ffnung vorzubereiten. Setzen Sie auf Kreativit\u00e4t, Digital und Innovation. Damit Ihr Gesch\u00e4ft weiter lebt. Kontaktieren Sie uns f\u00fcr leistungsvolle L\u00f6sungen und um Ihre Aktivit\u00e4t fortzuf\u00fchren! Wir bleiben positiv","og_url":"https:\/\/www.declic-communication.fr\/de\/solidaire-et-ouvert-pour-accompagner-la-continuite-de-votre-activite\/","og_site_name":"D\u00e9clic Communication","article_published_time":"2020-11-18T13:24:15+00:00","article_modified_time":"2022-01-07T12:08:19+00:00","og_image":[{"width":1200,"height":800,"url":"https:\/\/www.declic-communication.fr\/wp-content\/uploads\/2020\/11\/ouvert-pour-preparer-le-monde-d_apres.jpg","type":"image\/jpeg"}],"author":"Lise BRAUN","twitter_card":"summary_large_image","twitter_misc":{"Verfasst von":"Lise BRAUN","Gesch\u00e4tzte Lesezeit":"1\u00a0Minute"},"schema":{"@context":"https:\/\/schema.org","@graph":[{"@type":"Article","@id":"https:\/\/www.declic-communication.fr\/de\/solidaire-et-ouvert-pour-accompagner-la-continuite-de-votre-activite\/#article","isPartOf":{"@id":"https:\/\/www.declic-communication.fr\/de\/solidaire-et-ouvert-pour-accompagner-la-continuite-de-votre-activite\/"},"author":{"name":"Lise BRAUN","@id":"https:\/\/www.declic-communication.fr\/de\/#\/schema\/person\/c2bd6861d770a7ec06e53fbfab6d53ff"},"headline":"Solidarisch und OFFEN damit Sie Ihre Aktivit\u00e4t fortf\u00fchren k\u00f6nnen!","datePublished":"2020-11-18T13:24:15+00:00","dateModified":"2022-01-07T12:08:19+00:00","mainEntityOfPage":{"@id":"https:\/\/www.declic-communication.fr\/de\/solidaire-et-ouvert-pour-accompagner-la-continuite-de-votre-activite\/"},"wordCount":75,"publisher":{"@id":"https:\/\/www.declic-communication.fr\/de\/#organization"},"articleSection":["Nachrichten"],"inLanguage":"de"},{"@type":"WebPage","@id":"https:\/\/www.declic-communication.fr\/de\/solidaire-et-ouvert-pour-accompagner-la-continuite-de-votre-activite\/","url":"https:\/\/www.declic-communication.fr\/de\/solidaire-et-ouvert-pour-accompagner-la-continuite-de-votre-activite\/","name":"Solidarisch und OFFEN damit Sie Ihre Aktivit\u00e4t fortf\u00fchren k\u00f6nnen! - D\u00e9clic Communication","isPartOf":{"@id":"https:\/\/www.declic-communication.fr\/de\/#website"},"datePublished":"2020-11-18T13:24:15+00:00","dateModified":"2022-01-07T12:08:19+00:00","breadcrumb":{"@id":"https:\/\/www.declic-communication.fr\/de\/solidaire-et-ouvert-pour-accompagner-la-continuite-de-votre-activite\/#breadcrumb"},"inLanguage":"de","potentialAction":[{"@type":"ReadAction","target":["https:\/\/www.declic-communication.fr\/de\/solidaire-et-ouvert-pour-accompagner-la-continuite-de-votre-activite\/"]}]},{"@type":"BreadcrumbList","@id":"https:\/\/www.declic-communication.fr\/de\/solidaire-et-ouvert-pour-accompagner-la-continuite-de-votre-activite\/#breadcrumb","itemListElement":[{"@type":"ListItem","position":1,"name":"Accueil","item":"https:\/\/www.declic-communication.fr\/de\/?page_id=37042"},{"@type":"ListItem","position":2,"name":"Solidarisch und OFFEN damit Sie Ihre Aktivit\u00e4t fortf\u00fchren k\u00f6nnen!"}]},{"@type":"WebSite","@id":"https:\/\/www.declic-communication.fr\/de\/#website","url":"https:\/\/www.declic-communication.fr\/de\/","name":"D\u00e9clic Communication","description":"Agence conseil en communication et publicit\u00e9 \u00e0 Saint-Avold en Moselle","publisher":{"@id":"https:\/\/www.declic-communication.fr\/de\/#organization"},"potentialAction":[{"@type":"SearchAction","target":{"@type":"EntryPoint","urlTemplate":"https:\/\/www.declic-communication.fr\/de\/?s={search_term_string}"},"query-input":"required name=search_term_string"}],"inLanguage":"de"},{"@type":"Organization","@id":"https:\/\/www.declic-communication.fr\/de\/#organization","name":"D\u00e9clic Communication","url":"https:\/\/www.declic-communication.fr\/de\/","logo":{"@type":"ImageObject","inLanguage":"de","@id":"https:\/\/www.declic-communication.fr\/de\/#\/schema\/logo\/image\/","url":"https:\/\/www.declic-communication.fr\/wp-content\/uploads\/2023\/10\/logo-declic-communication.svg","contentUrl":"https:\/\/www.declic-communication.fr\/wp-content\/uploads\/2023\/10\/logo-declic-communication.svg","width":600,"height":250,"caption":"D\u00e9clic Communication"},"image":{"@id":"https:\/\/www.declic-communication.fr\/de\/#\/schema\/logo\/image\/"}},{"@type":"Person","@id":"https:\/\/www.declic-communication.fr\/de\/#\/schema\/person\/c2bd6861d770a7ec06e53fbfab6d53ff","name":"Lise BRAUN","url":"https:\/\/www.declic-communication.fr\/de\/"}]}},"_links":{"self":[{"href":"https:\/\/www.declic-communication.fr\/de\/wp-json\/wp\/v2\/posts\/22611","targetHints":{"allow":["GET"]}}],"collection":[{"href":"https:\/\/www.declic-communication.fr\/de\/wp-json\/wp\/v2\/posts"}],"about":[{"href":"https:\/\/www.declic-communication.fr\/de\/wp-json\/wp\/v2\/types\/post"}],"author":[{"embeddable":true,"href":"https:\/\/www.declic-communication.fr\/de\/wp-json\/wp\/v2\/users\/5"}],"replies":[{"embeddable":true,"href":"https:\/\/www.declic-communication.fr\/de\/wp-json\/wp\/v2\/comments?post=22611"}],"version-history":[{"count":0,"href":"https:\/\/www.declic-communication.fr\/de\/wp-json\/wp\/v2\/posts\/22611\/revisions"}],"wp:featuredmedia":[{"embeddable":true,"href":"https:\/\/www.declic-communication.fr\/de\/wp-json\/wp\/v2\/media\/22601"}],"wp:attachment":[{"href":"https:\/\/www.declic-communication.fr\/de\/wp-json\/wp\/v2\/media?parent=22611"}],"wp:term":[{"taxonomy":"category","embeddable":true,"href":"https:\/\/www.declic-communication.fr\/de\/wp-json\/wp\/v2\/categories?post=22611"},{"taxonomy":"post_tag","embeddable":true,"href":"https:\/\/www.declic-communication.fr\/de\/wp-json\/wp\/v2\/tags?post=22611"}],"curies":[{"name":"wp","href":"https:\/\/api.w.org\/{rel}","templated":true}]}}