{"id":27025,"date":"2021-10-18T08:51:26","date_gmt":"2021-10-18T06:51:26","guid":{"rendered":"https:\/\/www.declic-communication.fr\/il-est-temps-de-penser-a-vos-calendriers-2022\/"},"modified":"2022-11-21T15:45:10","modified_gmt":"2022-11-21T14:45:10","slug":"il-est-temps-de-penser-a-vos-calendriers-2022","status":"publish","type":"post","link":"https:\/\/www.declic-communication.fr\/de\/il-est-temps-de-penser-a-vos-calendriers-2022\/","title":{"rendered":"Es ist Zeit, an Ihre Kalender f\u00fcr 2022 zu denken!"},"content":{"rendered":"\t\t<div data-elementor-type=\"wp-post\" data-elementor-id=\"27025\" class=\"elementor elementor-27025\" data-elementor-post-type=\"post\">\n\t\t\t\t\t\t<section class=\"elementor-section elementor-top-section elementor-element elementor-element-329d72b2 elementor-section-boxed elementor-section-height-default elementor-section-height-default\" data-id=\"329d72b2\" data-element_type=\"section\">\n\t\t\t\t\t\t<div class=\"elementor-container elementor-column-gap-default\">\n\t\t\t\t\t<div class=\"elementor-column elementor-col-100 elementor-top-column elementor-element elementor-element-4320a0f7\" data-id=\"4320a0f7\" data-element_type=\"column\">\n\t\t\t<div class=\"elementor-widget-wrap elementor-element-populated\">\n\t\t\t\t\t\t<div class=\"elementor-element elementor-element-61c37dc6 elementor-widget elementor-widget-text-editor\" data-id=\"61c37dc6\" data-element_type=\"widget\" data-widget_type=\"text-editor.default\">\n\t\t\t\t<div class=\"elementor-widget-container\">\n\t\t\t\t\t\t\t\t\t<p>Nouvelle ann\u00e9e signifie nouveaux calendriers, c\u2019est le moment d\u2019y penser !\u00a0 \ud83d\udcc5<\/p>\n<p>Optez pour le calendrier comme cadeau pour vos clients, partenaires, salari\u00e9s\u2026 Notre \u00e9quipe con\u00e7oit des calendriers personnalis\u00e9s \u00e0 votre image. D\u00e9clic vous propose des formes et formats \u00e0 l\u2019infini : calendriers de poche, calendriers \u00e0 poser, calendriers muraux et m\u00eame des supports tr\u00e8s originaux tels que les calendriers sets de tables, calendriers r\u00e8gles, calendriers marque-pages\u2026<\/p>\n<p>En petite ou en grande s\u00e9rie, nos experts cr\u00e9ent pour vous un calendrier unique, contactez-nous d\u00e8s maintenant ! \ud83d\ude01<\/p>\n\t\t\t\t\t\t\t\t<\/div>\n\t\t\t\t<\/div>\n\t\t\t\t\t<\/div>\n\t\t<\/div>\n\t\t\t\t\t<\/div>\n\t\t<\/section>\n\t\t\t\t<\/div>\n\t\t","protected":false},"excerpt":{"rendered":"<p>Nouvelle ann\u00e9e signifie nouveaux calendriers, c\u2019est le moment d\u2019y penser !\u00a0 \ud83d\udcc5 Optez pour le calendrier comme cadeau pour vos clients, partenaires, salari\u00e9s\u2026 Notre \u00e9quipe con\u00e7oit des calendriers personnalis\u00e9s \u00e0 votre image. D\u00e9clic vous propose des formes et formats \u00e0 l\u2019infini : calendriers de poche, calendriers \u00e0 poser, calendriers muraux et m\u00eame des supports tr\u00e8s [&hellip;]<\/p>\n","protected":false},"author":4,"featured_media":24664,"comment_status":"closed","ping_status":"closed","sticky":false,"template":"","format":"standard","meta":{"inline_featured_image":false,"footnotes":""},"categories":[31],"tags":[],"class_list":["post-27025","post","type-post","status-publish","format-standard","has-post-thumbnail","hentry","category-nachrichten"],"yoast_head":"<!-- This site is optimized with the Yoast SEO plugin v20.4 - https:\/\/yoast.com\/wordpress\/plugins\/seo\/ -->\n<title>Es ist Zeit, an Ihre Kalender f\u00fcr 2022 zu denken! - D\u00e9clic Communication<\/title>\n<meta name=\"robots\" content=\"index, follow, max-snippet:-1, max-image-preview:large, max-video-preview:-1\" \/>\n<link rel=\"canonical\" href=\"https:\/\/www.declic-communication.fr\/de\/il-est-temps-de-penser-a-vos-calendriers-2022\/\" \/>\n<meta property=\"og:locale\" content=\"de_DE\" \/>\n<meta property=\"og:type\" content=\"article\" \/>\n<meta property=\"og:title\" content=\"Es ist Zeit, an Ihre Kalender f\u00fcr 2022 zu denken! - D\u00e9clic Communication\" \/>\n<meta property=\"og:description\" content=\"Nouvelle ann\u00e9e signifie nouveaux calendriers, c\u2019est le moment d\u2019y penser !\u00a0 \ud83d\udcc5 Optez pour le calendrier comme cadeau pour vos clients, partenaires, salari\u00e9s\u2026 Notre \u00e9quipe con\u00e7oit des calendriers personnalis\u00e9s \u00e0 votre image. D\u00e9clic vous propose des formes et formats \u00e0 l\u2019infini : calendriers de poche, calendriers \u00e0 poser, calendriers muraux et m\u00eame des supports tr\u00e8s [&hellip;]\" \/>\n<meta property=\"og:url\" content=\"https:\/\/www.declic-communication.fr\/de\/il-est-temps-de-penser-a-vos-calendriers-2022\/\" \/>\n<meta property=\"og:site_name\" content=\"D\u00e9clic Communication\" \/>\n<meta property=\"article:published_time\" content=\"2021-10-18T06:51:26+00:00\" \/>\n<meta property=\"article:modified_time\" content=\"2022-11-21T14:45:10+00:00\" \/>\n<meta property=\"og:image\" content=\"https:\/\/www.declic-communication.fr\/wp-content\/uploads\/2021\/10\/actu-il-est-temps-de-penser-a-vos-calendrier-2022.jpg\" \/>\n\t<meta property=\"og:image:width\" content=\"1200\" \/>\n\t<meta property=\"og:image:height\" content=\"900\" \/>\n\t<meta property=\"og:image:type\" content=\"image\/jpeg\" \/>\n<meta name=\"author\" content=\"Yannick HILPERT\" \/>\n<meta name=\"twitter:card\" content=\"summary_large_image\" \/>\n<meta name=\"twitter:label1\" content=\"Verfasst von\" \/>\n\t<meta name=\"twitter:data1\" content=\"Yannick HILPERT\" \/>\n\t<meta name=\"twitter:label2\" content=\"Gesch\u00e4tzte Lesezeit\" \/>\n\t<meta name=\"twitter:data2\" content=\"1\u00a0Minute\" \/>\n<script type=\"application\/ld+json\" class=\"yoast-schema-graph\">{\"@context\":\"https:\/\/schema.org\",\"@graph\":[{\"@type\":\"Article\",\"@id\":\"https:\/\/www.declic-communication.fr\/de\/il-est-temps-de-penser-a-vos-calendriers-2022\/#article\",\"isPartOf\":{\"@id\":\"https:\/\/www.declic-communication.fr\/de\/il-est-temps-de-penser-a-vos-calendriers-2022\/\"},\"author\":{\"name\":\"Yannick HILPERT\",\"@id\":\"https:\/\/www.declic-communication.fr\/de\/#\/schema\/person\/bfd62412b68c387ff171f6fefc3e81d7\"},\"headline\":\"Es ist Zeit, an Ihre Kalender f\u00fcr 2022 zu denken!\",\"datePublished\":\"2021-10-18T06:51:26+00:00\",\"dateModified\":\"2022-11-21T14:45:10+00:00\",\"mainEntityOfPage\":{\"@id\":\"https:\/\/www.declic-communication.fr\/de\/il-est-temps-de-penser-a-vos-calendriers-2022\/\"},\"wordCount\":102,\"publisher\":{\"@id\":\"https:\/\/www.declic-communication.fr\/de\/#organization\"},\"articleSection\":[\"Nachrichten\"],\"inLanguage\":\"de\"},{\"@type\":\"WebPage\",\"@id\":\"https:\/\/www.declic-communication.fr\/de\/il-est-temps-de-penser-a-vos-calendriers-2022\/\",\"url\":\"https:\/\/www.declic-communication.fr\/de\/il-est-temps-de-penser-a-vos-calendriers-2022\/\",\"name\":\"Es ist Zeit, an Ihre Kalender f\u00fcr 2022 zu denken! - D\u00e9clic Communication\",\"isPartOf\":{\"@id\":\"https:\/\/www.declic-communication.fr\/de\/#website\"},\"datePublished\":\"2021-10-18T06:51:26+00:00\",\"dateModified\":\"2022-11-21T14:45:10+00:00\",\"breadcrumb\":{\"@id\":\"https:\/\/www.declic-communication.fr\/de\/il-est-temps-de-penser-a-vos-calendriers-2022\/#breadcrumb\"},\"inLanguage\":\"de\",\"potentialAction\":[{\"@type\":\"ReadAction\",\"target\":[\"https:\/\/www.declic-communication.fr\/de\/il-est-temps-de-penser-a-vos-calendriers-2022\/\"]}]},{\"@type\":\"BreadcrumbList\",\"@id\":\"https:\/\/www.declic-communication.fr\/de\/il-est-temps-de-penser-a-vos-calendriers-2022\/#breadcrumb\",\"itemListElement\":[{\"@type\":\"ListItem\",\"position\":1,\"name\":\"Accueil\",\"item\":\"https:\/\/www.declic-communication.fr\/de\/?page_id=37042\"},{\"@type\":\"ListItem\",\"position\":2,\"name\":\"Es ist Zeit, an Ihre Kalender f\u00fcr 2022 zu denken!\"}]},{\"@type\":\"WebSite\",\"@id\":\"https:\/\/www.declic-communication.fr\/de\/#website\",\"url\":\"https:\/\/www.declic-communication.fr\/de\/\",\"name\":\"D\u00e9clic Communication\",\"description\":\"Agence conseil en communication et publicit\u00e9 \u00e0 Saint-Avold en Moselle\",\"publisher\":{\"@id\":\"https:\/\/www.declic-communication.fr\/de\/#organization\"},\"potentialAction\":[{\"@type\":\"SearchAction\",\"target\":{\"@type\":\"EntryPoint\",\"urlTemplate\":\"https:\/\/www.declic-communication.fr\/de\/?s={search_term_string}\"},\"query-input\":\"required name=search_term_string\"}],\"inLanguage\":\"de\"},{\"@type\":\"Organization\",\"@id\":\"https:\/\/www.declic-communication.fr\/de\/#organization\",\"name\":\"D\u00e9clic Communication\",\"url\":\"https:\/\/www.declic-communication.fr\/de\/\",\"logo\":{\"@type\":\"ImageObject\",\"inLanguage\":\"de\",\"@id\":\"https:\/\/www.declic-communication.fr\/de\/#\/schema\/logo\/image\/\",\"url\":\"https:\/\/www.declic-communication.fr\/wp-content\/uploads\/2023\/10\/logo-declic-communication.svg\",\"contentUrl\":\"https:\/\/www.declic-communication.fr\/wp-content\/uploads\/2023\/10\/logo-declic-communication.svg\",\"width\":600,\"height\":250,\"caption\":\"D\u00e9clic Communication\"},\"image\":{\"@id\":\"https:\/\/www.declic-communication.fr\/de\/#\/schema\/logo\/image\/\"}},{\"@type\":\"Person\",\"@id\":\"https:\/\/www.declic-communication.fr\/de\/#\/schema\/person\/bfd62412b68c387ff171f6fefc3e81d7\",\"name\":\"Yannick HILPERT\",\"url\":\"https:\/\/www.declic-communication.fr\/de\/\"}]}<\/script>\n<!-- \/ Yoast SEO plugin. -->","yoast_head_json":{"title":"Es ist Zeit, an Ihre Kalender f\u00fcr 2022 zu denken! - D\u00e9clic Communication","robots":{"index":"index","follow":"follow","max-snippet":"max-snippet:-1","max-image-preview":"max-image-preview:large","max-video-preview":"max-video-preview:-1"},"canonical":"https:\/\/www.declic-communication.fr\/de\/il-est-temps-de-penser-a-vos-calendriers-2022\/","og_locale":"de_DE","og_type":"article","og_title":"Es ist Zeit, an Ihre Kalender f\u00fcr 2022 zu denken! - D\u00e9clic Communication","og_description":"Nouvelle ann\u00e9e signifie nouveaux calendriers, c\u2019est le moment d\u2019y penser !\u00a0 \ud83d\udcc5 Optez pour le calendrier comme cadeau pour vos clients, partenaires, salari\u00e9s\u2026 Notre \u00e9quipe con\u00e7oit des calendriers personnalis\u00e9s \u00e0 votre image. D\u00e9clic vous propose des formes et formats \u00e0 l\u2019infini : calendriers de poche, calendriers \u00e0 poser, calendriers muraux et m\u00eame des supports tr\u00e8s [&hellip;]","og_url":"https:\/\/www.declic-communication.fr\/de\/il-est-temps-de-penser-a-vos-calendriers-2022\/","og_site_name":"D\u00e9clic Communication","article_published_time":"2021-10-18T06:51:26+00:00","article_modified_time":"2022-11-21T14:45:10+00:00","og_image":[{"width":1200,"height":900,"url":"https:\/\/www.declic-communication.fr\/wp-content\/uploads\/2021\/10\/actu-il-est-temps-de-penser-a-vos-calendrier-2022.jpg","type":"image\/jpeg"}],"author":"Yannick HILPERT","twitter_card":"summary_large_image","twitter_misc":{"Verfasst von":"Yannick HILPERT","Gesch\u00e4tzte Lesezeit":"1\u00a0Minute"},"schema":{"@context":"https:\/\/schema.org","@graph":[{"@type":"Article","@id":"https:\/\/www.declic-communication.fr\/de\/il-est-temps-de-penser-a-vos-calendriers-2022\/#article","isPartOf":{"@id":"https:\/\/www.declic-communication.fr\/de\/il-est-temps-de-penser-a-vos-calendriers-2022\/"},"author":{"name":"Yannick HILPERT","@id":"https:\/\/www.declic-communication.fr\/de\/#\/schema\/person\/bfd62412b68c387ff171f6fefc3e81d7"},"headline":"Es ist Zeit, an Ihre Kalender f\u00fcr 2022 zu denken!","datePublished":"2021-10-18T06:51:26+00:00","dateModified":"2022-11-21T14:45:10+00:00","mainEntityOfPage":{"@id":"https:\/\/www.declic-communication.fr\/de\/il-est-temps-de-penser-a-vos-calendriers-2022\/"},"wordCount":102,"publisher":{"@id":"https:\/\/www.declic-communication.fr\/de\/#organization"},"articleSection":["Nachrichten"],"inLanguage":"de"},{"@type":"WebPage","@id":"https:\/\/www.declic-communication.fr\/de\/il-est-temps-de-penser-a-vos-calendriers-2022\/","url":"https:\/\/www.declic-communication.fr\/de\/il-est-temps-de-penser-a-vos-calendriers-2022\/","name":"Es ist Zeit, an Ihre Kalender f\u00fcr 2022 zu denken! - D\u00e9clic Communication","isPartOf":{"@id":"https:\/\/www.declic-communication.fr\/de\/#website"},"datePublished":"2021-10-18T06:51:26+00:00","dateModified":"2022-11-21T14:45:10+00:00","breadcrumb":{"@id":"https:\/\/www.declic-communication.fr\/de\/il-est-temps-de-penser-a-vos-calendriers-2022\/#breadcrumb"},"inLanguage":"de","potentialAction":[{"@type":"ReadAction","target":["https:\/\/www.declic-communication.fr\/de\/il-est-temps-de-penser-a-vos-calendriers-2022\/"]}]},{"@type":"BreadcrumbList","@id":"https:\/\/www.declic-communication.fr\/de\/il-est-temps-de-penser-a-vos-calendriers-2022\/#breadcrumb","itemListElement":[{"@type":"ListItem","position":1,"name":"Accueil","item":"https:\/\/www.declic-communication.fr\/de\/?page_id=37042"},{"@type":"ListItem","position":2,"name":"Es ist Zeit, an Ihre Kalender f\u00fcr 2022 zu denken!"}]},{"@type":"WebSite","@id":"https:\/\/www.declic-communication.fr\/de\/#website","url":"https:\/\/www.declic-communication.fr\/de\/","name":"D\u00e9clic Communication","description":"Agence conseil en communication et publicit\u00e9 \u00e0 Saint-Avold en Moselle","publisher":{"@id":"https:\/\/www.declic-communication.fr\/de\/#organization"},"potentialAction":[{"@type":"SearchAction","target":{"@type":"EntryPoint","urlTemplate":"https:\/\/www.declic-communication.fr\/de\/?s={search_term_string}"},"query-input":"required name=search_term_string"}],"inLanguage":"de"},{"@type":"Organization","@id":"https:\/\/www.declic-communication.fr\/de\/#organization","name":"D\u00e9clic Communication","url":"https:\/\/www.declic-communication.fr\/de\/","logo":{"@type":"ImageObject","inLanguage":"de","@id":"https:\/\/www.declic-communication.fr\/de\/#\/schema\/logo\/image\/","url":"https:\/\/www.declic-communication.fr\/wp-content\/uploads\/2023\/10\/logo-declic-communication.svg","contentUrl":"https:\/\/www.declic-communication.fr\/wp-content\/uploads\/2023\/10\/logo-declic-communication.svg","width":600,"height":250,"caption":"D\u00e9clic Communication"},"image":{"@id":"https:\/\/www.declic-communication.fr\/de\/#\/schema\/logo\/image\/"}},{"@type":"Person","@id":"https:\/\/www.declic-communication.fr\/de\/#\/schema\/person\/bfd62412b68c387ff171f6fefc3e81d7","name":"Yannick HILPERT","url":"https:\/\/www.declic-communication.fr\/de\/"}]}},"_links":{"self":[{"href":"https:\/\/www.declic-communication.fr\/de\/wp-json\/wp\/v2\/posts\/27025","targetHints":{"allow":["GET"]}}],"collection":[{"href":"https:\/\/www.declic-communication.fr\/de\/wp-json\/wp\/v2\/posts"}],"about":[{"href":"https:\/\/www.declic-communication.fr\/de\/wp-json\/wp\/v2\/types\/post"}],"author":[{"embeddable":true,"href":"https:\/\/www.declic-communication.fr\/de\/wp-json\/wp\/v2\/users\/4"}],"replies":[{"embeddable":true,"href":"https:\/\/www.declic-communication.fr\/de\/wp-json\/wp\/v2\/comments?post=27025"}],"version-history":[{"count":0,"href":"https:\/\/www.declic-communication.fr\/de\/wp-json\/wp\/v2\/posts\/27025\/revisions"}],"wp:featuredmedia":[{"embeddable":true,"href":"https:\/\/www.declic-communication.fr\/de\/wp-json\/wp\/v2\/media\/24664"}],"wp:attachment":[{"href":"https:\/\/www.declic-communication.fr\/de\/wp-json\/wp\/v2\/media?parent=27025"}],"wp:term":[{"taxonomy":"category","embeddable":true,"href":"https:\/\/www.declic-communication.fr\/de\/wp-json\/wp\/v2\/categories?post=27025"},{"taxonomy":"post_tag","embeddable":true,"href":"https:\/\/www.declic-communication.fr\/de\/wp-json\/wp\/v2\/tags?post=27025"}],"curies":[{"name":"wp","href":"https:\/\/api.w.org\/{rel}","templated":true}]}}