{"id":29519,"date":"2022-01-28T11:32:11","date_gmt":"2022-01-28T10:32:11","guid":{"rendered":"https:\/\/www.declic-communication.fr\/journee-mondiale-de-la-protection-des-donnees\/"},"modified":"2022-03-21T16:54:47","modified_gmt":"2022-03-21T15:54:47","slug":"journee-mondiale-de-la-protection-des-donnees","status":"publish","type":"post","link":"https:\/\/www.declic-communication.fr\/de\/journee-mondiale-de-la-protection-des-donnees\/","title":{"rendered":"Weltweiter Tag des Datenschutzes"},"content":{"rendered":"\n<p>Am heutigen Weltdatenschutztag ist es wichtig, einige Fakten in Erinnerung zu rufen: <strong>&#8220;Der Schutz nat\u00fcrlicher Personen bei der Verarbeitung personenbezogener Daten ist ein Grundrecht.&#8221;\u00a0<\/strong><\/p>\n\n\n\n<p><strong><br><\/strong>Ein Unternehmen muss eine sichere Plattform anbieten, die der auf europ\u00e4ischer Ebene verbindlichen Allgemeinen Verordnung zum Schutz personenbezogener Daten unterliegt. Diese dient in erster Linie dazu, die Daten der Internetnutzer zu sch\u00fctzen. Daher ist es zwingend erforderlich, dass auf jeder Website der Hinweis auf<strong> Informationen zum Datenschutz<\/strong> sowie Hinweise auf die Rechte an personenbezogenen Daten vorhanden sind. Nach diesen Informationen muss der Nutzer seine Zustimmung best\u00e4tigen, die intern gesammelt werden muss, um gegen\u00fcber der CNIL (Commission nationale de l&#8217;informatique et des libert\u00e9s) im Falle einer Kontrolle nachweisen zu k\u00f6nnen.<\/p>\n\n\n\n<p><br>Auszug aus der DSGVO: &#8220;Die H\u00f6he der Geldstrafen kann bis zu 20 Millionen Euro oder im Falle eines Unternehmens bis zu<strong> 4 %<\/strong> des weltweiten Jahresumsatzes betragen. Diese Sanktionen k\u00f6nnen \u00f6ffentlich bekannt gemacht werden.&#8221;<br><\/p>\n\n\n\n<p>Haben Sie Zweifel an der Konformit\u00e4t Ihrer Website? <a href=\"http:\/\/www.declic-communication.fr\">Kontaktieren Sie uns<\/a>, um eine Bestandsaufnahme zu machen!<\/p>\n\n\n\n<p><\/p>\n","protected":false},"excerpt":{"rendered":"<p>Am heutigen Weltdatenschutztag ist es wichtig, einige Fakten in Erinnerung zu rufen: &#8220;Der Schutz nat\u00fcrlicher Personen bei der Verarbeitung personenbezogener Daten ist ein Grundrecht.&#8221;\u00a0 Ein Unternehmen muss eine sichere Plattform anbieten, die der auf europ\u00e4ischer Ebene verbindlichen Allgemeinen Verordnung zum Schutz personenbezogener Daten unterliegt. Diese dient in erster Linie dazu, die Daten der Internetnutzer zu [&hellip;]<\/p>\n","protected":false},"author":9,"featured_media":29200,"comment_status":"closed","ping_status":"closed","sticky":false,"template":"","format":"standard","meta":{"inline_featured_image":false,"footnotes":""},"categories":[31],"tags":[],"class_list":["post-29519","post","type-post","status-publish","format-standard","has-post-thumbnail","hentry","category-nachrichten"],"yoast_head":"<!-- This site is optimized with the Yoast SEO plugin v20.4 - https:\/\/yoast.com\/wordpress\/plugins\/seo\/ -->\n<title>Weltweiter Tag des Datenschutzes - D\u00e9clic Communication<\/title>\n<meta name=\"robots\" content=\"index, follow, max-snippet:-1, max-image-preview:large, max-video-preview:-1\" \/>\n<link rel=\"canonical\" href=\"https:\/\/www.declic-communication.fr\/de\/journee-mondiale-de-la-protection-des-donnees\/\" \/>\n<meta property=\"og:locale\" content=\"de_DE\" \/>\n<meta property=\"og:type\" content=\"article\" \/>\n<meta property=\"og:title\" content=\"Weltweiter Tag des Datenschutzes - D\u00e9clic Communication\" \/>\n<meta property=\"og:description\" content=\"Am heutigen Weltdatenschutztag ist es wichtig, einige Fakten in Erinnerung zu rufen: &#8220;Der Schutz nat\u00fcrlicher Personen bei der Verarbeitung personenbezogener Daten ist ein Grundrecht.&#8221;\u00a0 Ein Unternehmen muss eine sichere Plattform anbieten, die der auf europ\u00e4ischer Ebene verbindlichen Allgemeinen Verordnung zum Schutz personenbezogener Daten unterliegt. Diese dient in erster Linie dazu, die Daten der Internetnutzer zu [&hellip;]\" \/>\n<meta property=\"og:url\" content=\"https:\/\/www.declic-communication.fr\/de\/journee-mondiale-de-la-protection-des-donnees\/\" \/>\n<meta property=\"og:site_name\" content=\"D\u00e9clic Communication\" \/>\n<meta property=\"article:published_time\" content=\"2022-01-28T10:32:11+00:00\" \/>\n<meta property=\"article:modified_time\" content=\"2022-03-21T15:54:47+00:00\" \/>\n<meta property=\"og:image\" content=\"https:\/\/www.declic-communication.fr\/wp-content\/uploads\/2022\/01\/pexels-marek-levak-2265488-scaled.jpg\" \/>\n\t<meta property=\"og:image:width\" content=\"2560\" \/>\n\t<meta property=\"og:image:height\" content=\"1707\" \/>\n\t<meta property=\"og:image:type\" content=\"image\/jpeg\" \/>\n<meta name=\"author\" content=\"Line TODISCO\" \/>\n<meta name=\"twitter:card\" content=\"summary_large_image\" \/>\n<meta name=\"twitter:label1\" content=\"Verfasst von\" \/>\n\t<meta name=\"twitter:data1\" content=\"Line TODISCO\" \/>\n\t<meta name=\"twitter:label2\" content=\"Gesch\u00e4tzte Lesezeit\" \/>\n\t<meta name=\"twitter:data2\" content=\"1\u00a0Minute\" \/>\n<script type=\"application\/ld+json\" class=\"yoast-schema-graph\">{\"@context\":\"https:\/\/schema.org\",\"@graph\":[{\"@type\":\"Article\",\"@id\":\"https:\/\/www.declic-communication.fr\/de\/journee-mondiale-de-la-protection-des-donnees\/#article\",\"isPartOf\":{\"@id\":\"https:\/\/www.declic-communication.fr\/de\/journee-mondiale-de-la-protection-des-donnees\/\"},\"author\":{\"name\":\"Line TODISCO\",\"@id\":\"https:\/\/www.declic-communication.fr\/de\/#\/schema\/person\/4cf3d266aa5cd56156ae2d0af23b8a21\"},\"headline\":\"Weltweiter Tag des Datenschutzes\",\"datePublished\":\"2022-01-28T10:32:11+00:00\",\"dateModified\":\"2022-03-21T15:54:47+00:00\",\"mainEntityOfPage\":{\"@id\":\"https:\/\/www.declic-communication.fr\/de\/journee-mondiale-de-la-protection-des-donnees\/\"},\"wordCount\":174,\"publisher\":{\"@id\":\"https:\/\/www.declic-communication.fr\/de\/#organization\"},\"articleSection\":[\"Nachrichten\"],\"inLanguage\":\"de\"},{\"@type\":\"WebPage\",\"@id\":\"https:\/\/www.declic-communication.fr\/de\/journee-mondiale-de-la-protection-des-donnees\/\",\"url\":\"https:\/\/www.declic-communication.fr\/de\/journee-mondiale-de-la-protection-des-donnees\/\",\"name\":\"Weltweiter Tag des Datenschutzes - D\u00e9clic Communication\",\"isPartOf\":{\"@id\":\"https:\/\/www.declic-communication.fr\/de\/#website\"},\"datePublished\":\"2022-01-28T10:32:11+00:00\",\"dateModified\":\"2022-03-21T15:54:47+00:00\",\"breadcrumb\":{\"@id\":\"https:\/\/www.declic-communication.fr\/de\/journee-mondiale-de-la-protection-des-donnees\/#breadcrumb\"},\"inLanguage\":\"de\",\"potentialAction\":[{\"@type\":\"ReadAction\",\"target\":[\"https:\/\/www.declic-communication.fr\/de\/journee-mondiale-de-la-protection-des-donnees\/\"]}]},{\"@type\":\"BreadcrumbList\",\"@id\":\"https:\/\/www.declic-communication.fr\/de\/journee-mondiale-de-la-protection-des-donnees\/#breadcrumb\",\"itemListElement\":[{\"@type\":\"ListItem\",\"position\":1,\"name\":\"Accueil\",\"item\":\"https:\/\/www.declic-communication.fr\/de\/?page_id=37042\"},{\"@type\":\"ListItem\",\"position\":2,\"name\":\"Weltweiter Tag des Datenschutzes\"}]},{\"@type\":\"WebSite\",\"@id\":\"https:\/\/www.declic-communication.fr\/de\/#website\",\"url\":\"https:\/\/www.declic-communication.fr\/de\/\",\"name\":\"D\u00e9clic Communication\",\"description\":\"Agence conseil en communication et publicit\u00e9 \u00e0 Saint-Avold en Moselle\",\"publisher\":{\"@id\":\"https:\/\/www.declic-communication.fr\/de\/#organization\"},\"potentialAction\":[{\"@type\":\"SearchAction\",\"target\":{\"@type\":\"EntryPoint\",\"urlTemplate\":\"https:\/\/www.declic-communication.fr\/de\/?s={search_term_string}\"},\"query-input\":\"required name=search_term_string\"}],\"inLanguage\":\"de\"},{\"@type\":\"Organization\",\"@id\":\"https:\/\/www.declic-communication.fr\/de\/#organization\",\"name\":\"D\u00e9clic Communication\",\"url\":\"https:\/\/www.declic-communication.fr\/de\/\",\"logo\":{\"@type\":\"ImageObject\",\"inLanguage\":\"de\",\"@id\":\"https:\/\/www.declic-communication.fr\/de\/#\/schema\/logo\/image\/\",\"url\":\"https:\/\/www.declic-communication.fr\/wp-content\/uploads\/2023\/10\/logo-declic-communication.svg\",\"contentUrl\":\"https:\/\/www.declic-communication.fr\/wp-content\/uploads\/2023\/10\/logo-declic-communication.svg\",\"width\":600,\"height\":250,\"caption\":\"D\u00e9clic Communication\"},\"image\":{\"@id\":\"https:\/\/www.declic-communication.fr\/de\/#\/schema\/logo\/image\/\"}},{\"@type\":\"Person\",\"@id\":\"https:\/\/www.declic-communication.fr\/de\/#\/schema\/person\/4cf3d266aa5cd56156ae2d0af23b8a21\",\"name\":\"Line TODISCO\",\"url\":\"https:\/\/www.declic-communication.fr\/de\/\"}]}<\/script>\n<!-- \/ Yoast SEO plugin. -->","yoast_head_json":{"title":"Weltweiter Tag des Datenschutzes - D\u00e9clic Communication","robots":{"index":"index","follow":"follow","max-snippet":"max-snippet:-1","max-image-preview":"max-image-preview:large","max-video-preview":"max-video-preview:-1"},"canonical":"https:\/\/www.declic-communication.fr\/de\/journee-mondiale-de-la-protection-des-donnees\/","og_locale":"de_DE","og_type":"article","og_title":"Weltweiter Tag des Datenschutzes - D\u00e9clic Communication","og_description":"Am heutigen Weltdatenschutztag ist es wichtig, einige Fakten in Erinnerung zu rufen: &#8220;Der Schutz nat\u00fcrlicher Personen bei der Verarbeitung personenbezogener Daten ist ein Grundrecht.&#8221;\u00a0 Ein Unternehmen muss eine sichere Plattform anbieten, die der auf europ\u00e4ischer Ebene verbindlichen Allgemeinen Verordnung zum Schutz personenbezogener Daten unterliegt. Diese dient in erster Linie dazu, die Daten der Internetnutzer zu [&hellip;]","og_url":"https:\/\/www.declic-communication.fr\/de\/journee-mondiale-de-la-protection-des-donnees\/","og_site_name":"D\u00e9clic Communication","article_published_time":"2022-01-28T10:32:11+00:00","article_modified_time":"2022-03-21T15:54:47+00:00","og_image":[{"width":2560,"height":1707,"url":"https:\/\/www.declic-communication.fr\/wp-content\/uploads\/2022\/01\/pexels-marek-levak-2265488-scaled.jpg","type":"image\/jpeg"}],"author":"Line TODISCO","twitter_card":"summary_large_image","twitter_misc":{"Verfasst von":"Line TODISCO","Gesch\u00e4tzte Lesezeit":"1\u00a0Minute"},"schema":{"@context":"https:\/\/schema.org","@graph":[{"@type":"Article","@id":"https:\/\/www.declic-communication.fr\/de\/journee-mondiale-de-la-protection-des-donnees\/#article","isPartOf":{"@id":"https:\/\/www.declic-communication.fr\/de\/journee-mondiale-de-la-protection-des-donnees\/"},"author":{"name":"Line TODISCO","@id":"https:\/\/www.declic-communication.fr\/de\/#\/schema\/person\/4cf3d266aa5cd56156ae2d0af23b8a21"},"headline":"Weltweiter Tag des Datenschutzes","datePublished":"2022-01-28T10:32:11+00:00","dateModified":"2022-03-21T15:54:47+00:00","mainEntityOfPage":{"@id":"https:\/\/www.declic-communication.fr\/de\/journee-mondiale-de-la-protection-des-donnees\/"},"wordCount":174,"publisher":{"@id":"https:\/\/www.declic-communication.fr\/de\/#organization"},"articleSection":["Nachrichten"],"inLanguage":"de"},{"@type":"WebPage","@id":"https:\/\/www.declic-communication.fr\/de\/journee-mondiale-de-la-protection-des-donnees\/","url":"https:\/\/www.declic-communication.fr\/de\/journee-mondiale-de-la-protection-des-donnees\/","name":"Weltweiter Tag des Datenschutzes - D\u00e9clic Communication","isPartOf":{"@id":"https:\/\/www.declic-communication.fr\/de\/#website"},"datePublished":"2022-01-28T10:32:11+00:00","dateModified":"2022-03-21T15:54:47+00:00","breadcrumb":{"@id":"https:\/\/www.declic-communication.fr\/de\/journee-mondiale-de-la-protection-des-donnees\/#breadcrumb"},"inLanguage":"de","potentialAction":[{"@type":"ReadAction","target":["https:\/\/www.declic-communication.fr\/de\/journee-mondiale-de-la-protection-des-donnees\/"]}]},{"@type":"BreadcrumbList","@id":"https:\/\/www.declic-communication.fr\/de\/journee-mondiale-de-la-protection-des-donnees\/#breadcrumb","itemListElement":[{"@type":"ListItem","position":1,"name":"Accueil","item":"https:\/\/www.declic-communication.fr\/de\/?page_id=37042"},{"@type":"ListItem","position":2,"name":"Weltweiter Tag des Datenschutzes"}]},{"@type":"WebSite","@id":"https:\/\/www.declic-communication.fr\/de\/#website","url":"https:\/\/www.declic-communication.fr\/de\/","name":"D\u00e9clic Communication","description":"Agence conseil en communication et publicit\u00e9 \u00e0 Saint-Avold en Moselle","publisher":{"@id":"https:\/\/www.declic-communication.fr\/de\/#organization"},"potentialAction":[{"@type":"SearchAction","target":{"@type":"EntryPoint","urlTemplate":"https:\/\/www.declic-communication.fr\/de\/?s={search_term_string}"},"query-input":"required name=search_term_string"}],"inLanguage":"de"},{"@type":"Organization","@id":"https:\/\/www.declic-communication.fr\/de\/#organization","name":"D\u00e9clic Communication","url":"https:\/\/www.declic-communication.fr\/de\/","logo":{"@type":"ImageObject","inLanguage":"de","@id":"https:\/\/www.declic-communication.fr\/de\/#\/schema\/logo\/image\/","url":"https:\/\/www.declic-communication.fr\/wp-content\/uploads\/2023\/10\/logo-declic-communication.svg","contentUrl":"https:\/\/www.declic-communication.fr\/wp-content\/uploads\/2023\/10\/logo-declic-communication.svg","width":600,"height":250,"caption":"D\u00e9clic Communication"},"image":{"@id":"https:\/\/www.declic-communication.fr\/de\/#\/schema\/logo\/image\/"}},{"@type":"Person","@id":"https:\/\/www.declic-communication.fr\/de\/#\/schema\/person\/4cf3d266aa5cd56156ae2d0af23b8a21","name":"Line TODISCO","url":"https:\/\/www.declic-communication.fr\/de\/"}]}},"_links":{"self":[{"href":"https:\/\/www.declic-communication.fr\/de\/wp-json\/wp\/v2\/posts\/29519","targetHints":{"allow":["GET"]}}],"collection":[{"href":"https:\/\/www.declic-communication.fr\/de\/wp-json\/wp\/v2\/posts"}],"about":[{"href":"https:\/\/www.declic-communication.fr\/de\/wp-json\/wp\/v2\/types\/post"}],"author":[{"embeddable":true,"href":"https:\/\/www.declic-communication.fr\/de\/wp-json\/wp\/v2\/users\/9"}],"replies":[{"embeddable":true,"href":"https:\/\/www.declic-communication.fr\/de\/wp-json\/wp\/v2\/comments?post=29519"}],"version-history":[{"count":0,"href":"https:\/\/www.declic-communication.fr\/de\/wp-json\/wp\/v2\/posts\/29519\/revisions"}],"wp:featuredmedia":[{"embeddable":true,"href":"https:\/\/www.declic-communication.fr\/de\/wp-json\/wp\/v2\/media\/29200"}],"wp:attachment":[{"href":"https:\/\/www.declic-communication.fr\/de\/wp-json\/wp\/v2\/media?parent=29519"}],"wp:term":[{"taxonomy":"category","embeddable":true,"href":"https:\/\/www.declic-communication.fr\/de\/wp-json\/wp\/v2\/categories?post=29519"},{"taxonomy":"post_tag","embeddable":true,"href":"https:\/\/www.declic-communication.fr\/de\/wp-json\/wp\/v2\/tags?post=29519"}],"curies":[{"name":"wp","href":"https:\/\/api.w.org\/{rel}","templated":true}]}}