{"id":29527,"date":"2022-02-07T15:54:08","date_gmt":"2022-02-07T14:54:08","guid":{"rendered":"https:\/\/www.declic-communication.fr\/la-saint-valentin-loccasion-de-communiquer\/"},"modified":"2022-03-21T17:04:25","modified_gmt":"2022-03-21T16:04:25","slug":"la-saint-valentin-loccasion-de-communiquer","status":"publish","type":"post","link":"https:\/\/www.declic-communication.fr\/de\/la-saint-valentin-loccasion-de-communiquer\/","title":{"rendered":"Der Valentinstag &#8211; eine Gelegenheit zur Kommunikation"},"content":{"rendered":"<p class=\"p1\"><span class=\"s1\"><strong>Jeder zweite Franzose<\/strong> feiert den Valentinstag, den Tag der Liebenden!<\/span><\/p>\n<p class=\"p1\"><span class=\"s1\">Im Laufe der Jahrhunderte hat sich dieser Feiertag zu einem echten <strong>Kommunikationsmittel<\/strong> f\u00fcr Unternehmen entwickelt. Ein Fest mit Freunden, Familie oder Paaren ist eine sch\u00f6ne Gelegenheit, um sich wieder zu treffen. <span class=\"Apple-converted-space\">\u00a0<\/span><\/span><\/p>\n<p class=\"p1\"><span class=\"s1\">Einen Monat vor dem 14. Februar setzen Restaurants, Juweliere und Unterw\u00e4schel\u00e4den alles daran, um die Anh\u00e4nger des Valentinstags anzuziehen!<\/span><\/p>\n<p class=\"p1\"><span class=\"s1\">Wir empfehlen Ihnen, an diesem Fest teilzunehmen und eine spezielle Kommunikation zum Valentinstag zu starten! Kleine Spiele, Zitate, Geschenkideen &#8211; ber\u00fccksichtigen Sie Ihre Branche! Denken Sie an <strong>personalisierte E-Mailings<\/strong>, das Thema wird die Aufmerksamkeit Ihrer Kunden auf sich ziehen. Entscheiden Sie sich auch f\u00fcr Bilder in den <strong>Farben<\/strong> des <strong>Valentinstags<\/strong> f\u00fcr Ihre Ver\u00f6ffentlichungen im Februar, Ihre Zielgruppe wird diese Ma\u00dfnahme zu sch\u00e4tzen wissen!<span class=\"Apple-converted-space\">\u00a0<\/span><\/span><\/p>\n<p class=\"p1\"><span class=\"s1\">M\u00f6chten Sie einen Profi beauftragen? <a href=\"http:\/\/www.declic-communication.fr\">Kontaktieren Sie uns<\/a>, wir freuen uns darauf, Ihre Kommunikation rund um das Ereignis Ihrer Wahl zu gestalten!<\/span><\/p>\n\n\n<p><\/p>\n","protected":false},"excerpt":{"rendered":"<p>Jeder zweite Franzose feiert den Valentinstag, den Tag der Liebenden! Im Laufe der Jahrhunderte hat sich dieser Feiertag zu einem echten Kommunikationsmittel f\u00fcr Unternehmen entwickelt. Ein Fest mit Freunden, Familie oder Paaren ist eine sch\u00f6ne Gelegenheit, um sich wieder zu treffen. \u00a0 Einen Monat vor dem 14. Februar setzen Restaurants, Juweliere und Unterw\u00e4schel\u00e4den alles daran, [&hellip;]<\/p>\n","protected":false},"author":9,"featured_media":29256,"comment_status":"closed","ping_status":"closed","sticky":false,"template":"","format":"standard","meta":{"inline_featured_image":false,"footnotes":""},"categories":[31],"tags":[],"class_list":["post-29527","post","type-post","status-publish","format-standard","has-post-thumbnail","hentry","category-nachrichten"],"yoast_head":"<!-- This site is optimized with the Yoast SEO plugin v20.4 - https:\/\/yoast.com\/wordpress\/plugins\/seo\/ -->\n<title>Der Valentinstag - eine Gelegenheit zur Kommunikation - D\u00e9clic Communication<\/title>\n<meta name=\"robots\" content=\"index, follow, max-snippet:-1, max-image-preview:large, max-video-preview:-1\" \/>\n<link rel=\"canonical\" href=\"https:\/\/www.declic-communication.fr\/de\/la-saint-valentin-loccasion-de-communiquer\/\" \/>\n<meta property=\"og:locale\" content=\"de_DE\" \/>\n<meta property=\"og:type\" content=\"article\" \/>\n<meta property=\"og:title\" content=\"Der Valentinstag - eine Gelegenheit zur Kommunikation - D\u00e9clic Communication\" \/>\n<meta property=\"og:description\" content=\"Jeder zweite Franzose feiert den Valentinstag, den Tag der Liebenden! Im Laufe der Jahrhunderte hat sich dieser Feiertag zu einem echten Kommunikationsmittel f\u00fcr Unternehmen entwickelt. Ein Fest mit Freunden, Familie oder Paaren ist eine sch\u00f6ne Gelegenheit, um sich wieder zu treffen. \u00a0 Einen Monat vor dem 14. Februar setzen Restaurants, Juweliere und Unterw\u00e4schel\u00e4den alles daran, [&hellip;]\" \/>\n<meta property=\"og:url\" content=\"https:\/\/www.declic-communication.fr\/de\/la-saint-valentin-loccasion-de-communiquer\/\" \/>\n<meta property=\"og:site_name\" content=\"D\u00e9clic Communication\" \/>\n<meta property=\"article:published_time\" content=\"2022-02-07T14:54:08+00:00\" \/>\n<meta property=\"article:modified_time\" content=\"2022-03-21T16:04:25+00:00\" \/>\n<meta property=\"og:image\" content=\"https:\/\/www.declic-communication.fr\/wp-content\/uploads\/2022\/02\/pexels-alleksana-6478819-1-scaled.jpg\" \/>\n\t<meta property=\"og:image:width\" content=\"1\" \/>\n\t<meta property=\"og:image:height\" content=\"1\" \/>\n\t<meta property=\"og:image:type\" content=\"image\/jpeg\" \/>\n<meta name=\"author\" content=\"Line TODISCO\" \/>\n<meta name=\"twitter:card\" content=\"summary_large_image\" \/>\n<meta name=\"twitter:label1\" content=\"Verfasst von\" \/>\n\t<meta name=\"twitter:data1\" content=\"Line TODISCO\" \/>\n\t<meta name=\"twitter:label2\" content=\"Gesch\u00e4tzte Lesezeit\" \/>\n\t<meta name=\"twitter:data2\" content=\"1\u00a0Minute\" \/>\n<script type=\"application\/ld+json\" class=\"yoast-schema-graph\">{\"@context\":\"https:\/\/schema.org\",\"@graph\":[{\"@type\":\"Article\",\"@id\":\"https:\/\/www.declic-communication.fr\/de\/la-saint-valentin-loccasion-de-communiquer\/#article\",\"isPartOf\":{\"@id\":\"https:\/\/www.declic-communication.fr\/de\/la-saint-valentin-loccasion-de-communiquer\/\"},\"author\":{\"name\":\"Line TODISCO\",\"@id\":\"https:\/\/www.declic-communication.fr\/de\/#\/schema\/person\/4cf3d266aa5cd56156ae2d0af23b8a21\"},\"headline\":\"Der Valentinstag &#8211; eine Gelegenheit zur Kommunikation\",\"datePublished\":\"2022-02-07T14:54:08+00:00\",\"dateModified\":\"2022-03-21T16:04:25+00:00\",\"mainEntityOfPage\":{\"@id\":\"https:\/\/www.declic-communication.fr\/de\/la-saint-valentin-loccasion-de-communiquer\/\"},\"wordCount\":163,\"publisher\":{\"@id\":\"https:\/\/www.declic-communication.fr\/de\/#organization\"},\"articleSection\":[\"Nachrichten\"],\"inLanguage\":\"de\"},{\"@type\":\"WebPage\",\"@id\":\"https:\/\/www.declic-communication.fr\/de\/la-saint-valentin-loccasion-de-communiquer\/\",\"url\":\"https:\/\/www.declic-communication.fr\/de\/la-saint-valentin-loccasion-de-communiquer\/\",\"name\":\"Der Valentinstag - eine Gelegenheit zur Kommunikation - D\u00e9clic Communication\",\"isPartOf\":{\"@id\":\"https:\/\/www.declic-communication.fr\/de\/#website\"},\"datePublished\":\"2022-02-07T14:54:08+00:00\",\"dateModified\":\"2022-03-21T16:04:25+00:00\",\"breadcrumb\":{\"@id\":\"https:\/\/www.declic-communication.fr\/de\/la-saint-valentin-loccasion-de-communiquer\/#breadcrumb\"},\"inLanguage\":\"de\",\"potentialAction\":[{\"@type\":\"ReadAction\",\"target\":[\"https:\/\/www.declic-communication.fr\/de\/la-saint-valentin-loccasion-de-communiquer\/\"]}]},{\"@type\":\"BreadcrumbList\",\"@id\":\"https:\/\/www.declic-communication.fr\/de\/la-saint-valentin-loccasion-de-communiquer\/#breadcrumb\",\"itemListElement\":[{\"@type\":\"ListItem\",\"position\":1,\"name\":\"Accueil\",\"item\":\"https:\/\/www.declic-communication.fr\/de\/?page_id=37042\"},{\"@type\":\"ListItem\",\"position\":2,\"name\":\"Der Valentinstag &#8211; eine Gelegenheit zur Kommunikation\"}]},{\"@type\":\"WebSite\",\"@id\":\"https:\/\/www.declic-communication.fr\/de\/#website\",\"url\":\"https:\/\/www.declic-communication.fr\/de\/\",\"name\":\"D\u00e9clic Communication\",\"description\":\"Agence conseil en communication et publicit\u00e9 \u00e0 Saint-Avold en Moselle\",\"publisher\":{\"@id\":\"https:\/\/www.declic-communication.fr\/de\/#organization\"},\"potentialAction\":[{\"@type\":\"SearchAction\",\"target\":{\"@type\":\"EntryPoint\",\"urlTemplate\":\"https:\/\/www.declic-communication.fr\/de\/?s={search_term_string}\"},\"query-input\":\"required name=search_term_string\"}],\"inLanguage\":\"de\"},{\"@type\":\"Organization\",\"@id\":\"https:\/\/www.declic-communication.fr\/de\/#organization\",\"name\":\"D\u00e9clic Communication\",\"url\":\"https:\/\/www.declic-communication.fr\/de\/\",\"logo\":{\"@type\":\"ImageObject\",\"inLanguage\":\"de\",\"@id\":\"https:\/\/www.declic-communication.fr\/de\/#\/schema\/logo\/image\/\",\"url\":\"https:\/\/www.declic-communication.fr\/wp-content\/uploads\/2023\/10\/logo-declic-communication.svg\",\"contentUrl\":\"https:\/\/www.declic-communication.fr\/wp-content\/uploads\/2023\/10\/logo-declic-communication.svg\",\"width\":600,\"height\":250,\"caption\":\"D\u00e9clic Communication\"},\"image\":{\"@id\":\"https:\/\/www.declic-communication.fr\/de\/#\/schema\/logo\/image\/\"}},{\"@type\":\"Person\",\"@id\":\"https:\/\/www.declic-communication.fr\/de\/#\/schema\/person\/4cf3d266aa5cd56156ae2d0af23b8a21\",\"name\":\"Line TODISCO\",\"url\":\"https:\/\/www.declic-communication.fr\/de\/\"}]}<\/script>\n<!-- \/ Yoast SEO plugin. -->","yoast_head_json":{"title":"Der Valentinstag - eine Gelegenheit zur Kommunikation - D\u00e9clic Communication","robots":{"index":"index","follow":"follow","max-snippet":"max-snippet:-1","max-image-preview":"max-image-preview:large","max-video-preview":"max-video-preview:-1"},"canonical":"https:\/\/www.declic-communication.fr\/de\/la-saint-valentin-loccasion-de-communiquer\/","og_locale":"de_DE","og_type":"article","og_title":"Der Valentinstag - eine Gelegenheit zur Kommunikation - D\u00e9clic Communication","og_description":"Jeder zweite Franzose feiert den Valentinstag, den Tag der Liebenden! Im Laufe der Jahrhunderte hat sich dieser Feiertag zu einem echten Kommunikationsmittel f\u00fcr Unternehmen entwickelt. Ein Fest mit Freunden, Familie oder Paaren ist eine sch\u00f6ne Gelegenheit, um sich wieder zu treffen. \u00a0 Einen Monat vor dem 14. Februar setzen Restaurants, Juweliere und Unterw\u00e4schel\u00e4den alles daran, [&hellip;]","og_url":"https:\/\/www.declic-communication.fr\/de\/la-saint-valentin-loccasion-de-communiquer\/","og_site_name":"D\u00e9clic Communication","article_published_time":"2022-02-07T14:54:08+00:00","article_modified_time":"2022-03-21T16:04:25+00:00","og_image":[{"url":"https:\/\/www.declic-communication.fr\/wp-content\/uploads\/2022\/02\/pexels-alleksana-6478819-1-scaled.jpg","width":1,"height":1,"type":"image\/jpeg"}],"author":"Line TODISCO","twitter_card":"summary_large_image","twitter_misc":{"Verfasst von":"Line TODISCO","Gesch\u00e4tzte Lesezeit":"1\u00a0Minute"},"schema":{"@context":"https:\/\/schema.org","@graph":[{"@type":"Article","@id":"https:\/\/www.declic-communication.fr\/de\/la-saint-valentin-loccasion-de-communiquer\/#article","isPartOf":{"@id":"https:\/\/www.declic-communication.fr\/de\/la-saint-valentin-loccasion-de-communiquer\/"},"author":{"name":"Line TODISCO","@id":"https:\/\/www.declic-communication.fr\/de\/#\/schema\/person\/4cf3d266aa5cd56156ae2d0af23b8a21"},"headline":"Der Valentinstag &#8211; eine Gelegenheit zur Kommunikation","datePublished":"2022-02-07T14:54:08+00:00","dateModified":"2022-03-21T16:04:25+00:00","mainEntityOfPage":{"@id":"https:\/\/www.declic-communication.fr\/de\/la-saint-valentin-loccasion-de-communiquer\/"},"wordCount":163,"publisher":{"@id":"https:\/\/www.declic-communication.fr\/de\/#organization"},"articleSection":["Nachrichten"],"inLanguage":"de"},{"@type":"WebPage","@id":"https:\/\/www.declic-communication.fr\/de\/la-saint-valentin-loccasion-de-communiquer\/","url":"https:\/\/www.declic-communication.fr\/de\/la-saint-valentin-loccasion-de-communiquer\/","name":"Der Valentinstag - eine Gelegenheit zur Kommunikation - D\u00e9clic Communication","isPartOf":{"@id":"https:\/\/www.declic-communication.fr\/de\/#website"},"datePublished":"2022-02-07T14:54:08+00:00","dateModified":"2022-03-21T16:04:25+00:00","breadcrumb":{"@id":"https:\/\/www.declic-communication.fr\/de\/la-saint-valentin-loccasion-de-communiquer\/#breadcrumb"},"inLanguage":"de","potentialAction":[{"@type":"ReadAction","target":["https:\/\/www.declic-communication.fr\/de\/la-saint-valentin-loccasion-de-communiquer\/"]}]},{"@type":"BreadcrumbList","@id":"https:\/\/www.declic-communication.fr\/de\/la-saint-valentin-loccasion-de-communiquer\/#breadcrumb","itemListElement":[{"@type":"ListItem","position":1,"name":"Accueil","item":"https:\/\/www.declic-communication.fr\/de\/?page_id=37042"},{"@type":"ListItem","position":2,"name":"Der Valentinstag &#8211; eine Gelegenheit zur Kommunikation"}]},{"@type":"WebSite","@id":"https:\/\/www.declic-communication.fr\/de\/#website","url":"https:\/\/www.declic-communication.fr\/de\/","name":"D\u00e9clic Communication","description":"Agence conseil en communication et publicit\u00e9 \u00e0 Saint-Avold en Moselle","publisher":{"@id":"https:\/\/www.declic-communication.fr\/de\/#organization"},"potentialAction":[{"@type":"SearchAction","target":{"@type":"EntryPoint","urlTemplate":"https:\/\/www.declic-communication.fr\/de\/?s={search_term_string}"},"query-input":"required name=search_term_string"}],"inLanguage":"de"},{"@type":"Organization","@id":"https:\/\/www.declic-communication.fr\/de\/#organization","name":"D\u00e9clic Communication","url":"https:\/\/www.declic-communication.fr\/de\/","logo":{"@type":"ImageObject","inLanguage":"de","@id":"https:\/\/www.declic-communication.fr\/de\/#\/schema\/logo\/image\/","url":"https:\/\/www.declic-communication.fr\/wp-content\/uploads\/2023\/10\/logo-declic-communication.svg","contentUrl":"https:\/\/www.declic-communication.fr\/wp-content\/uploads\/2023\/10\/logo-declic-communication.svg","width":600,"height":250,"caption":"D\u00e9clic Communication"},"image":{"@id":"https:\/\/www.declic-communication.fr\/de\/#\/schema\/logo\/image\/"}},{"@type":"Person","@id":"https:\/\/www.declic-communication.fr\/de\/#\/schema\/person\/4cf3d266aa5cd56156ae2d0af23b8a21","name":"Line TODISCO","url":"https:\/\/www.declic-communication.fr\/de\/"}]}},"_links":{"self":[{"href":"https:\/\/www.declic-communication.fr\/de\/wp-json\/wp\/v2\/posts\/29527","targetHints":{"allow":["GET"]}}],"collection":[{"href":"https:\/\/www.declic-communication.fr\/de\/wp-json\/wp\/v2\/posts"}],"about":[{"href":"https:\/\/www.declic-communication.fr\/de\/wp-json\/wp\/v2\/types\/post"}],"author":[{"embeddable":true,"href":"https:\/\/www.declic-communication.fr\/de\/wp-json\/wp\/v2\/users\/9"}],"replies":[{"embeddable":true,"href":"https:\/\/www.declic-communication.fr\/de\/wp-json\/wp\/v2\/comments?post=29527"}],"version-history":[{"count":0,"href":"https:\/\/www.declic-communication.fr\/de\/wp-json\/wp\/v2\/posts\/29527\/revisions"}],"wp:featuredmedia":[{"embeddable":true,"href":"https:\/\/www.declic-communication.fr\/de\/wp-json\/wp\/v2\/media\/29256"}],"wp:attachment":[{"href":"https:\/\/www.declic-communication.fr\/de\/wp-json\/wp\/v2\/media?parent=29527"}],"wp:term":[{"taxonomy":"category","embeddable":true,"href":"https:\/\/www.declic-communication.fr\/de\/wp-json\/wp\/v2\/categories?post=29527"},{"taxonomy":"post_tag","embeddable":true,"href":"https:\/\/www.declic-communication.fr\/de\/wp-json\/wp\/v2\/tags?post=29527"}],"curies":[{"name":"wp","href":"https:\/\/api.w.org\/{rel}","templated":true}]}}