{"id":29537,"date":"2022-02-18T11:46:59","date_gmt":"2022-02-18T10:46:59","guid":{"rendered":"https:\/\/www.declic-communication.fr\/la-fete-des-grands-meres-arrive\/"},"modified":"2022-03-21T17:26:33","modified_gmt":"2022-03-21T16:26:33","slug":"la-fete-des-grands-meres-arrive","status":"publish","type":"post","link":"https:\/\/www.declic-communication.fr\/de\/la-fete-des-grands-meres-arrive\/","title":{"rendered":"Der Tag der Gro\u00dfm\u00fctter kommt!"},"content":{"rendered":"\n<p>Nach dem Valentinstag steht nun der Tag der Gro\u00dfm\u00fctter vor der T\u00fcr<kbd>!<\/kbd>&nbsp;&nbsp;<\/p>\n\n\n\n<p>Am Sonntag, dem 6. M\u00e4rz, wird er gefeiert. Dieser Feiertag wurde 1987 von der ber\u00fchmten Kaffeemarke Grand&#8217;M\u00e8re eingef\u00fchrt, um ihr 20-j\u00e4hriges Bestehen zu feiern.<\/p>\n\n\n\n<p>Jedes Ereignis ist ein Hebel, um Ihr Unternehmen ins Gespr\u00e4ch zu bringen. Diesmal sind es die Gro\u00dfm\u00fctter! Da 77 % der Franzosen ihre Omas feiern, kann eine Vielzahl von Gesch\u00e4ften diese Gelegenheit nutzen, um Geschenkideen anzubieten. Richten Sie spezielle Beitr\u00e4ge in den sozialen Netzwerken ein, dekorieren Sie Ihr Gesch\u00e4ft, veranstalten Sie Gewinnspiele, spezielle Animationen&#8230;<\/p>\n\n\n\n<p>Lassen Sie sich nicht \u00fcberraschen und entwickeln Sie bereits jetzt Ihre Kommunikation zu diesem Thema. Originelle Ideen, kreative Konzepte, Angebote, realisieren Sie eine effiziente Kommunikation. Sie sind Unternehmer und m\u00f6chten mit einer schockierenden Kommunikation Eindruck schinden? <a href=\"https:\/\/www.declic-communication.fr\/contact\/?lang=de\">Kontaktieren Sie uns!<\/a> <\/p>\n","protected":false},"excerpt":{"rendered":"<p>Nach dem Valentinstag steht nun der Tag der Gro\u00dfm\u00fctter vor der T\u00fcr!&nbsp;&nbsp; Am Sonntag, dem 6. M\u00e4rz, wird er gefeiert. Dieser Feiertag wurde 1987 von der ber\u00fchmten Kaffeemarke Grand&#8217;M\u00e8re eingef\u00fchrt, um ihr 20-j\u00e4hriges Bestehen zu feiern. Jedes Ereignis ist ein Hebel, um Ihr Unternehmen ins Gespr\u00e4ch zu bringen. Diesmal sind es die Gro\u00dfm\u00fctter! Da 77 [&hellip;]<\/p>\n","protected":false},"author":9,"featured_media":29439,"comment_status":"closed","ping_status":"closed","sticky":false,"template":"","format":"standard","meta":{"inline_featured_image":false,"footnotes":""},"categories":[31],"tags":[],"class_list":["post-29537","post","type-post","status-publish","format-standard","has-post-thumbnail","hentry","category-nachrichten"],"yoast_head":"<!-- This site is optimized with the Yoast SEO plugin v20.4 - https:\/\/yoast.com\/wordpress\/plugins\/seo\/ -->\n<title>Der Tag der Gro\u00dfm\u00fctter kommt! - D\u00e9clic Communication<\/title>\n<meta name=\"robots\" content=\"index, follow, max-snippet:-1, max-image-preview:large, max-video-preview:-1\" \/>\n<link rel=\"canonical\" href=\"https:\/\/www.declic-communication.fr\/de\/la-fete-des-grands-meres-arrive\/\" \/>\n<meta property=\"og:locale\" content=\"de_DE\" \/>\n<meta property=\"og:type\" content=\"article\" \/>\n<meta property=\"og:title\" content=\"Der Tag der Gro\u00dfm\u00fctter kommt! - D\u00e9clic Communication\" \/>\n<meta property=\"og:description\" content=\"Nach dem Valentinstag steht nun der Tag der Gro\u00dfm\u00fctter vor der T\u00fcr!&nbsp;&nbsp; Am Sonntag, dem 6. M\u00e4rz, wird er gefeiert. Dieser Feiertag wurde 1987 von der ber\u00fchmten Kaffeemarke Grand&#8217;M\u00e8re eingef\u00fchrt, um ihr 20-j\u00e4hriges Bestehen zu feiern. Jedes Ereignis ist ein Hebel, um Ihr Unternehmen ins Gespr\u00e4ch zu bringen. Diesmal sind es die Gro\u00dfm\u00fctter! Da 77 [&hellip;]\" \/>\n<meta property=\"og:url\" content=\"https:\/\/www.declic-communication.fr\/de\/la-fete-des-grands-meres-arrive\/\" \/>\n<meta property=\"og:site_name\" content=\"D\u00e9clic Communication\" \/>\n<meta property=\"article:published_time\" content=\"2022-02-18T10:46:59+00:00\" \/>\n<meta property=\"article:modified_time\" content=\"2022-03-21T16:26:33+00:00\" \/>\n<meta property=\"og:image\" content=\"https:\/\/www.declic-communication.fr\/wp-content\/uploads\/2022\/02\/Sans-titre-15.png\" \/>\n\t<meta property=\"og:image:width\" content=\"940\" \/>\n\t<meta property=\"og:image:height\" content=\"788\" \/>\n\t<meta property=\"og:image:type\" content=\"image\/png\" \/>\n<meta name=\"author\" content=\"Line TODISCO\" \/>\n<meta name=\"twitter:card\" content=\"summary_large_image\" \/>\n<meta name=\"twitter:label1\" content=\"Verfasst von\" \/>\n\t<meta name=\"twitter:data1\" content=\"Line TODISCO\" \/>\n\t<meta name=\"twitter:label2\" content=\"Gesch\u00e4tzte Lesezeit\" \/>\n\t<meta name=\"twitter:data2\" content=\"1\u00a0Minute\" \/>\n<script type=\"application\/ld+json\" class=\"yoast-schema-graph\">{\"@context\":\"https:\/\/schema.org\",\"@graph\":[{\"@type\":\"Article\",\"@id\":\"https:\/\/www.declic-communication.fr\/de\/la-fete-des-grands-meres-arrive\/#article\",\"isPartOf\":{\"@id\":\"https:\/\/www.declic-communication.fr\/de\/la-fete-des-grands-meres-arrive\/\"},\"author\":{\"name\":\"Line TODISCO\",\"@id\":\"https:\/\/www.declic-communication.fr\/de\/#\/schema\/person\/4cf3d266aa5cd56156ae2d0af23b8a21\"},\"headline\":\"Der Tag der Gro\u00dfm\u00fctter kommt!\",\"datePublished\":\"2022-02-18T10:46:59+00:00\",\"dateModified\":\"2022-03-21T16:26:33+00:00\",\"mainEntityOfPage\":{\"@id\":\"https:\/\/www.declic-communication.fr\/de\/la-fete-des-grands-meres-arrive\/\"},\"wordCount\":149,\"publisher\":{\"@id\":\"https:\/\/www.declic-communication.fr\/de\/#organization\"},\"articleSection\":[\"Nachrichten\"],\"inLanguage\":\"de\"},{\"@type\":\"WebPage\",\"@id\":\"https:\/\/www.declic-communication.fr\/de\/la-fete-des-grands-meres-arrive\/\",\"url\":\"https:\/\/www.declic-communication.fr\/de\/la-fete-des-grands-meres-arrive\/\",\"name\":\"Der Tag der Gro\u00dfm\u00fctter kommt! - D\u00e9clic Communication\",\"isPartOf\":{\"@id\":\"https:\/\/www.declic-communication.fr\/de\/#website\"},\"datePublished\":\"2022-02-18T10:46:59+00:00\",\"dateModified\":\"2022-03-21T16:26:33+00:00\",\"breadcrumb\":{\"@id\":\"https:\/\/www.declic-communication.fr\/de\/la-fete-des-grands-meres-arrive\/#breadcrumb\"},\"inLanguage\":\"de\",\"potentialAction\":[{\"@type\":\"ReadAction\",\"target\":[\"https:\/\/www.declic-communication.fr\/de\/la-fete-des-grands-meres-arrive\/\"]}]},{\"@type\":\"BreadcrumbList\",\"@id\":\"https:\/\/www.declic-communication.fr\/de\/la-fete-des-grands-meres-arrive\/#breadcrumb\",\"itemListElement\":[{\"@type\":\"ListItem\",\"position\":1,\"name\":\"Accueil\",\"item\":\"https:\/\/www.declic-communication.fr\/de\/?page_id=37042\"},{\"@type\":\"ListItem\",\"position\":2,\"name\":\"Der Tag der Gro\u00dfm\u00fctter kommt!\"}]},{\"@type\":\"WebSite\",\"@id\":\"https:\/\/www.declic-communication.fr\/de\/#website\",\"url\":\"https:\/\/www.declic-communication.fr\/de\/\",\"name\":\"D\u00e9clic Communication\",\"description\":\"Agence conseil en communication et publicit\u00e9 \u00e0 Saint-Avold en Moselle\",\"publisher\":{\"@id\":\"https:\/\/www.declic-communication.fr\/de\/#organization\"},\"potentialAction\":[{\"@type\":\"SearchAction\",\"target\":{\"@type\":\"EntryPoint\",\"urlTemplate\":\"https:\/\/www.declic-communication.fr\/de\/?s={search_term_string}\"},\"query-input\":\"required name=search_term_string\"}],\"inLanguage\":\"de\"},{\"@type\":\"Organization\",\"@id\":\"https:\/\/www.declic-communication.fr\/de\/#organization\",\"name\":\"D\u00e9clic Communication\",\"url\":\"https:\/\/www.declic-communication.fr\/de\/\",\"logo\":{\"@type\":\"ImageObject\",\"inLanguage\":\"de\",\"@id\":\"https:\/\/www.declic-communication.fr\/de\/#\/schema\/logo\/image\/\",\"url\":\"https:\/\/www.declic-communication.fr\/wp-content\/uploads\/2023\/10\/logo-declic-communication.svg\",\"contentUrl\":\"https:\/\/www.declic-communication.fr\/wp-content\/uploads\/2023\/10\/logo-declic-communication.svg\",\"width\":600,\"height\":250,\"caption\":\"D\u00e9clic Communication\"},\"image\":{\"@id\":\"https:\/\/www.declic-communication.fr\/de\/#\/schema\/logo\/image\/\"}},{\"@type\":\"Person\",\"@id\":\"https:\/\/www.declic-communication.fr\/de\/#\/schema\/person\/4cf3d266aa5cd56156ae2d0af23b8a21\",\"name\":\"Line TODISCO\",\"url\":\"https:\/\/www.declic-communication.fr\/de\/\"}]}<\/script>\n<!-- \/ Yoast SEO plugin. -->","yoast_head_json":{"title":"Der Tag der Gro\u00dfm\u00fctter kommt! - D\u00e9clic Communication","robots":{"index":"index","follow":"follow","max-snippet":"max-snippet:-1","max-image-preview":"max-image-preview:large","max-video-preview":"max-video-preview:-1"},"canonical":"https:\/\/www.declic-communication.fr\/de\/la-fete-des-grands-meres-arrive\/","og_locale":"de_DE","og_type":"article","og_title":"Der Tag der Gro\u00dfm\u00fctter kommt! - D\u00e9clic Communication","og_description":"Nach dem Valentinstag steht nun der Tag der Gro\u00dfm\u00fctter vor der T\u00fcr!&nbsp;&nbsp; Am Sonntag, dem 6. M\u00e4rz, wird er gefeiert. Dieser Feiertag wurde 1987 von der ber\u00fchmten Kaffeemarke Grand&#8217;M\u00e8re eingef\u00fchrt, um ihr 20-j\u00e4hriges Bestehen zu feiern. Jedes Ereignis ist ein Hebel, um Ihr Unternehmen ins Gespr\u00e4ch zu bringen. Diesmal sind es die Gro\u00dfm\u00fctter! Da 77 [&hellip;]","og_url":"https:\/\/www.declic-communication.fr\/de\/la-fete-des-grands-meres-arrive\/","og_site_name":"D\u00e9clic Communication","article_published_time":"2022-02-18T10:46:59+00:00","article_modified_time":"2022-03-21T16:26:33+00:00","og_image":[{"width":940,"height":788,"url":"https:\/\/www.declic-communication.fr\/wp-content\/uploads\/2022\/02\/Sans-titre-15.png","type":"image\/png"}],"author":"Line TODISCO","twitter_card":"summary_large_image","twitter_misc":{"Verfasst von":"Line TODISCO","Gesch\u00e4tzte Lesezeit":"1\u00a0Minute"},"schema":{"@context":"https:\/\/schema.org","@graph":[{"@type":"Article","@id":"https:\/\/www.declic-communication.fr\/de\/la-fete-des-grands-meres-arrive\/#article","isPartOf":{"@id":"https:\/\/www.declic-communication.fr\/de\/la-fete-des-grands-meres-arrive\/"},"author":{"name":"Line TODISCO","@id":"https:\/\/www.declic-communication.fr\/de\/#\/schema\/person\/4cf3d266aa5cd56156ae2d0af23b8a21"},"headline":"Der Tag der Gro\u00dfm\u00fctter kommt!","datePublished":"2022-02-18T10:46:59+00:00","dateModified":"2022-03-21T16:26:33+00:00","mainEntityOfPage":{"@id":"https:\/\/www.declic-communication.fr\/de\/la-fete-des-grands-meres-arrive\/"},"wordCount":149,"publisher":{"@id":"https:\/\/www.declic-communication.fr\/de\/#organization"},"articleSection":["Nachrichten"],"inLanguage":"de"},{"@type":"WebPage","@id":"https:\/\/www.declic-communication.fr\/de\/la-fete-des-grands-meres-arrive\/","url":"https:\/\/www.declic-communication.fr\/de\/la-fete-des-grands-meres-arrive\/","name":"Der Tag der Gro\u00dfm\u00fctter kommt! - D\u00e9clic Communication","isPartOf":{"@id":"https:\/\/www.declic-communication.fr\/de\/#website"},"datePublished":"2022-02-18T10:46:59+00:00","dateModified":"2022-03-21T16:26:33+00:00","breadcrumb":{"@id":"https:\/\/www.declic-communication.fr\/de\/la-fete-des-grands-meres-arrive\/#breadcrumb"},"inLanguage":"de","potentialAction":[{"@type":"ReadAction","target":["https:\/\/www.declic-communication.fr\/de\/la-fete-des-grands-meres-arrive\/"]}]},{"@type":"BreadcrumbList","@id":"https:\/\/www.declic-communication.fr\/de\/la-fete-des-grands-meres-arrive\/#breadcrumb","itemListElement":[{"@type":"ListItem","position":1,"name":"Accueil","item":"https:\/\/www.declic-communication.fr\/de\/?page_id=37042"},{"@type":"ListItem","position":2,"name":"Der Tag der Gro\u00dfm\u00fctter kommt!"}]},{"@type":"WebSite","@id":"https:\/\/www.declic-communication.fr\/de\/#website","url":"https:\/\/www.declic-communication.fr\/de\/","name":"D\u00e9clic Communication","description":"Agence conseil en communication et publicit\u00e9 \u00e0 Saint-Avold en Moselle","publisher":{"@id":"https:\/\/www.declic-communication.fr\/de\/#organization"},"potentialAction":[{"@type":"SearchAction","target":{"@type":"EntryPoint","urlTemplate":"https:\/\/www.declic-communication.fr\/de\/?s={search_term_string}"},"query-input":"required name=search_term_string"}],"inLanguage":"de"},{"@type":"Organization","@id":"https:\/\/www.declic-communication.fr\/de\/#organization","name":"D\u00e9clic Communication","url":"https:\/\/www.declic-communication.fr\/de\/","logo":{"@type":"ImageObject","inLanguage":"de","@id":"https:\/\/www.declic-communication.fr\/de\/#\/schema\/logo\/image\/","url":"https:\/\/www.declic-communication.fr\/wp-content\/uploads\/2023\/10\/logo-declic-communication.svg","contentUrl":"https:\/\/www.declic-communication.fr\/wp-content\/uploads\/2023\/10\/logo-declic-communication.svg","width":600,"height":250,"caption":"D\u00e9clic Communication"},"image":{"@id":"https:\/\/www.declic-communication.fr\/de\/#\/schema\/logo\/image\/"}},{"@type":"Person","@id":"https:\/\/www.declic-communication.fr\/de\/#\/schema\/person\/4cf3d266aa5cd56156ae2d0af23b8a21","name":"Line TODISCO","url":"https:\/\/www.declic-communication.fr\/de\/"}]}},"_links":{"self":[{"href":"https:\/\/www.declic-communication.fr\/de\/wp-json\/wp\/v2\/posts\/29537","targetHints":{"allow":["GET"]}}],"collection":[{"href":"https:\/\/www.declic-communication.fr\/de\/wp-json\/wp\/v2\/posts"}],"about":[{"href":"https:\/\/www.declic-communication.fr\/de\/wp-json\/wp\/v2\/types\/post"}],"author":[{"embeddable":true,"href":"https:\/\/www.declic-communication.fr\/de\/wp-json\/wp\/v2\/users\/9"}],"replies":[{"embeddable":true,"href":"https:\/\/www.declic-communication.fr\/de\/wp-json\/wp\/v2\/comments?post=29537"}],"version-history":[{"count":0,"href":"https:\/\/www.declic-communication.fr\/de\/wp-json\/wp\/v2\/posts\/29537\/revisions"}],"wp:featuredmedia":[{"embeddable":true,"href":"https:\/\/www.declic-communication.fr\/de\/wp-json\/wp\/v2\/media\/29439"}],"wp:attachment":[{"href":"https:\/\/www.declic-communication.fr\/de\/wp-json\/wp\/v2\/media?parent=29537"}],"wp:term":[{"taxonomy":"category","embeddable":true,"href":"https:\/\/www.declic-communication.fr\/de\/wp-json\/wp\/v2\/categories?post=29537"},{"taxonomy":"post_tag","embeddable":true,"href":"https:\/\/www.declic-communication.fr\/de\/wp-json\/wp\/v2\/tags?post=29537"}],"curies":[{"name":"wp","href":"https:\/\/api.w.org\/{rel}","templated":true}]}}