{"id":30199,"date":"2022-03-25T12:00:00","date_gmt":"2022-03-25T11:00:00","guid":{"rendered":"https:\/\/www.declic-communication.fr\/participez-a-des-salons-professionnels\/"},"modified":"2022-03-28T09:37:27","modified_gmt":"2022-03-28T07:37:27","slug":"participez-a-des-salons-professionnels","status":"publish","type":"post","link":"https:\/\/www.declic-communication.fr\/de\/participez-a-des-salons-professionnels\/","title":{"rendered":"Nehmen Sie an Fachmessen teil!"},"content":{"rendered":"\n<p><strong>Die 14. Ausgabe der Messe f\u00fcr digitale Marketinginnovationen &#8220;e-marketing Paris&#8221; findet am 29., 30. und 31. M\u00e4rz statt.<\/strong><\/p>\n\n\n\n<p><br><strong>Warum sollte man an Messen teilnehmen?\u00a0<\/strong><\/p>\n\n\n\n<p><br>Fachmessen sind ein vollwertiges Instrument in der Kommunikationsstrategie eines Unternehmens. Sie sind ein wesentlicher Hebel, um das eigene Unternehmen bekannt zu machen, aber auch um neue Interessenten zu treffen. Der Kontakt ist direkt und bietet somit Raum f\u00fcr eine echte Argumentation.\u00a0<\/p>\n\n\n\n<p><br>84 % der Unternehmen, die an einer Messe teilnehmen, generieren laut batiadvisor dank dieser Veranstaltung einen h\u00f6heren Umsatz.\u00a0<\/p>\n\n\n\n<p><br>Das Team von D\u00e9clic communication begleitet Sie bei diesem Vorhaben, Standdesign, Flyer, Brosch\u00fcren, Roll&#8217;up\u2026 Wir k\u00fcmmern uns um alle Kommunikationsmittel, die Sie f\u00fcr die Ausstellung Ihres Unternehmens auf einer Messe ben\u00f6tigen!\u00a0<\/p>\n\n\n\n<p><a href=\"https:\/\/www.declic-communication.fr\/contact\/?lang=de\">Kontaktieren Sie uns!\u00a0<\/a><\/p>\n","protected":false},"excerpt":{"rendered":"<p>Die 14. Ausgabe der Messe f\u00fcr digitale Marketinginnovationen &#8220;e-marketing Paris&#8221; findet am 29., 30. und 31. M\u00e4rz statt. Warum sollte man an Messen teilnehmen?\u00a0 Fachmessen sind ein vollwertiges Instrument in der Kommunikationsstrategie eines Unternehmens. Sie sind ein wesentlicher Hebel, um das eigene Unternehmen bekannt zu machen, aber auch um neue Interessenten zu treffen. Der Kontakt [&hellip;]<\/p>\n","protected":false},"author":9,"featured_media":29672,"comment_status":"closed","ping_status":"closed","sticky":false,"template":"","format":"standard","meta":{"inline_featured_image":false,"footnotes":""},"categories":[31],"tags":[],"class_list":["post-30199","post","type-post","status-publish","format-standard","has-post-thumbnail","hentry","category-nachrichten"],"yoast_head":"<!-- This site is optimized with the Yoast SEO plugin v20.4 - https:\/\/yoast.com\/wordpress\/plugins\/seo\/ -->\n<title>Nehmen Sie an Fachmessen teil! - D\u00e9clic Communication<\/title>\n<meta name=\"robots\" content=\"index, follow, max-snippet:-1, max-image-preview:large, max-video-preview:-1\" \/>\n<link rel=\"canonical\" href=\"https:\/\/www.declic-communication.fr\/de\/participez-a-des-salons-professionnels\/\" \/>\n<meta property=\"og:locale\" content=\"de_DE\" \/>\n<meta property=\"og:type\" content=\"article\" \/>\n<meta property=\"og:title\" content=\"Nehmen Sie an Fachmessen teil! - D\u00e9clic Communication\" \/>\n<meta property=\"og:description\" content=\"Die 14. Ausgabe der Messe f\u00fcr digitale Marketinginnovationen &#8220;e-marketing Paris&#8221; findet am 29., 30. und 31. M\u00e4rz statt. Warum sollte man an Messen teilnehmen?\u00a0 Fachmessen sind ein vollwertiges Instrument in der Kommunikationsstrategie eines Unternehmens. Sie sind ein wesentlicher Hebel, um das eigene Unternehmen bekannt zu machen, aber auch um neue Interessenten zu treffen. Der Kontakt [&hellip;]\" \/>\n<meta property=\"og:url\" content=\"https:\/\/www.declic-communication.fr\/de\/participez-a-des-salons-professionnels\/\" \/>\n<meta property=\"og:site_name\" content=\"D\u00e9clic Communication\" \/>\n<meta property=\"article:published_time\" content=\"2022-03-25T11:00:00+00:00\" \/>\n<meta property=\"article:modified_time\" content=\"2022-03-28T07:37:27+00:00\" \/>\n<meta property=\"og:image\" content=\"https:\/\/www.declic-communication.fr\/wp-content\/uploads\/2022\/03\/pexels-alena-darmel-7710047-1-scaled.jpg\" \/>\n\t<meta property=\"og:image:width\" content=\"2560\" \/>\n\t<meta property=\"og:image:height\" content=\"1706\" \/>\n\t<meta property=\"og:image:type\" content=\"image\/jpeg\" \/>\n<meta name=\"author\" content=\"Line TODISCO\" \/>\n<meta name=\"twitter:card\" content=\"summary_large_image\" \/>\n<meta name=\"twitter:label1\" content=\"Verfasst von\" \/>\n\t<meta name=\"twitter:data1\" content=\"Line TODISCO\" \/>\n\t<meta name=\"twitter:label2\" content=\"Gesch\u00e4tzte Lesezeit\" \/>\n\t<meta name=\"twitter:data2\" content=\"1\u00a0Minute\" \/>\n<script type=\"application\/ld+json\" class=\"yoast-schema-graph\">{\"@context\":\"https:\/\/schema.org\",\"@graph\":[{\"@type\":\"Article\",\"@id\":\"https:\/\/www.declic-communication.fr\/de\/participez-a-des-salons-professionnels\/#article\",\"isPartOf\":{\"@id\":\"https:\/\/www.declic-communication.fr\/de\/participez-a-des-salons-professionnels\/\"},\"author\":{\"name\":\"Line TODISCO\",\"@id\":\"https:\/\/www.declic-communication.fr\/de\/#\/schema\/person\/4cf3d266aa5cd56156ae2d0af23b8a21\"},\"headline\":\"Nehmen Sie an Fachmessen teil!\",\"datePublished\":\"2022-03-25T11:00:00+00:00\",\"dateModified\":\"2022-03-28T07:37:27+00:00\",\"mainEntityOfPage\":{\"@id\":\"https:\/\/www.declic-communication.fr\/de\/participez-a-des-salons-professionnels\/\"},\"wordCount\":125,\"publisher\":{\"@id\":\"https:\/\/www.declic-communication.fr\/de\/#organization\"},\"articleSection\":[\"Nachrichten\"],\"inLanguage\":\"de\"},{\"@type\":\"WebPage\",\"@id\":\"https:\/\/www.declic-communication.fr\/de\/participez-a-des-salons-professionnels\/\",\"url\":\"https:\/\/www.declic-communication.fr\/de\/participez-a-des-salons-professionnels\/\",\"name\":\"Nehmen Sie an Fachmessen teil! - D\u00e9clic Communication\",\"isPartOf\":{\"@id\":\"https:\/\/www.declic-communication.fr\/de\/#website\"},\"datePublished\":\"2022-03-25T11:00:00+00:00\",\"dateModified\":\"2022-03-28T07:37:27+00:00\",\"breadcrumb\":{\"@id\":\"https:\/\/www.declic-communication.fr\/de\/participez-a-des-salons-professionnels\/#breadcrumb\"},\"inLanguage\":\"de\",\"potentialAction\":[{\"@type\":\"ReadAction\",\"target\":[\"https:\/\/www.declic-communication.fr\/de\/participez-a-des-salons-professionnels\/\"]}]},{\"@type\":\"BreadcrumbList\",\"@id\":\"https:\/\/www.declic-communication.fr\/de\/participez-a-des-salons-professionnels\/#breadcrumb\",\"itemListElement\":[{\"@type\":\"ListItem\",\"position\":1,\"name\":\"Accueil\",\"item\":\"https:\/\/www.declic-communication.fr\/de\/?page_id=37042\"},{\"@type\":\"ListItem\",\"position\":2,\"name\":\"Nehmen Sie an Fachmessen teil!\"}]},{\"@type\":\"WebSite\",\"@id\":\"https:\/\/www.declic-communication.fr\/de\/#website\",\"url\":\"https:\/\/www.declic-communication.fr\/de\/\",\"name\":\"D\u00e9clic Communication\",\"description\":\"Agence conseil en communication et publicit\u00e9 \u00e0 Saint-Avold en Moselle\",\"publisher\":{\"@id\":\"https:\/\/www.declic-communication.fr\/de\/#organization\"},\"potentialAction\":[{\"@type\":\"SearchAction\",\"target\":{\"@type\":\"EntryPoint\",\"urlTemplate\":\"https:\/\/www.declic-communication.fr\/de\/?s={search_term_string}\"},\"query-input\":\"required name=search_term_string\"}],\"inLanguage\":\"de\"},{\"@type\":\"Organization\",\"@id\":\"https:\/\/www.declic-communication.fr\/de\/#organization\",\"name\":\"D\u00e9clic Communication\",\"url\":\"https:\/\/www.declic-communication.fr\/de\/\",\"logo\":{\"@type\":\"ImageObject\",\"inLanguage\":\"de\",\"@id\":\"https:\/\/www.declic-communication.fr\/de\/#\/schema\/logo\/image\/\",\"url\":\"https:\/\/www.declic-communication.fr\/wp-content\/uploads\/2023\/10\/logo-declic-communication.svg\",\"contentUrl\":\"https:\/\/www.declic-communication.fr\/wp-content\/uploads\/2023\/10\/logo-declic-communication.svg\",\"width\":600,\"height\":250,\"caption\":\"D\u00e9clic Communication\"},\"image\":{\"@id\":\"https:\/\/www.declic-communication.fr\/de\/#\/schema\/logo\/image\/\"}},{\"@type\":\"Person\",\"@id\":\"https:\/\/www.declic-communication.fr\/de\/#\/schema\/person\/4cf3d266aa5cd56156ae2d0af23b8a21\",\"name\":\"Line TODISCO\",\"url\":\"https:\/\/www.declic-communication.fr\/de\/\"}]}<\/script>\n<!-- \/ Yoast SEO plugin. -->","yoast_head_json":{"title":"Nehmen Sie an Fachmessen teil! - D\u00e9clic Communication","robots":{"index":"index","follow":"follow","max-snippet":"max-snippet:-1","max-image-preview":"max-image-preview:large","max-video-preview":"max-video-preview:-1"},"canonical":"https:\/\/www.declic-communication.fr\/de\/participez-a-des-salons-professionnels\/","og_locale":"de_DE","og_type":"article","og_title":"Nehmen Sie an Fachmessen teil! - D\u00e9clic Communication","og_description":"Die 14. Ausgabe der Messe f\u00fcr digitale Marketinginnovationen &#8220;e-marketing Paris&#8221; findet am 29., 30. und 31. M\u00e4rz statt. Warum sollte man an Messen teilnehmen?\u00a0 Fachmessen sind ein vollwertiges Instrument in der Kommunikationsstrategie eines Unternehmens. Sie sind ein wesentlicher Hebel, um das eigene Unternehmen bekannt zu machen, aber auch um neue Interessenten zu treffen. Der Kontakt [&hellip;]","og_url":"https:\/\/www.declic-communication.fr\/de\/participez-a-des-salons-professionnels\/","og_site_name":"D\u00e9clic Communication","article_published_time":"2022-03-25T11:00:00+00:00","article_modified_time":"2022-03-28T07:37:27+00:00","og_image":[{"width":2560,"height":1706,"url":"https:\/\/www.declic-communication.fr\/wp-content\/uploads\/2022\/03\/pexels-alena-darmel-7710047-1-scaled.jpg","type":"image\/jpeg"}],"author":"Line TODISCO","twitter_card":"summary_large_image","twitter_misc":{"Verfasst von":"Line TODISCO","Gesch\u00e4tzte Lesezeit":"1\u00a0Minute"},"schema":{"@context":"https:\/\/schema.org","@graph":[{"@type":"Article","@id":"https:\/\/www.declic-communication.fr\/de\/participez-a-des-salons-professionnels\/#article","isPartOf":{"@id":"https:\/\/www.declic-communication.fr\/de\/participez-a-des-salons-professionnels\/"},"author":{"name":"Line TODISCO","@id":"https:\/\/www.declic-communication.fr\/de\/#\/schema\/person\/4cf3d266aa5cd56156ae2d0af23b8a21"},"headline":"Nehmen Sie an Fachmessen teil!","datePublished":"2022-03-25T11:00:00+00:00","dateModified":"2022-03-28T07:37:27+00:00","mainEntityOfPage":{"@id":"https:\/\/www.declic-communication.fr\/de\/participez-a-des-salons-professionnels\/"},"wordCount":125,"publisher":{"@id":"https:\/\/www.declic-communication.fr\/de\/#organization"},"articleSection":["Nachrichten"],"inLanguage":"de"},{"@type":"WebPage","@id":"https:\/\/www.declic-communication.fr\/de\/participez-a-des-salons-professionnels\/","url":"https:\/\/www.declic-communication.fr\/de\/participez-a-des-salons-professionnels\/","name":"Nehmen Sie an Fachmessen teil! - D\u00e9clic Communication","isPartOf":{"@id":"https:\/\/www.declic-communication.fr\/de\/#website"},"datePublished":"2022-03-25T11:00:00+00:00","dateModified":"2022-03-28T07:37:27+00:00","breadcrumb":{"@id":"https:\/\/www.declic-communication.fr\/de\/participez-a-des-salons-professionnels\/#breadcrumb"},"inLanguage":"de","potentialAction":[{"@type":"ReadAction","target":["https:\/\/www.declic-communication.fr\/de\/participez-a-des-salons-professionnels\/"]}]},{"@type":"BreadcrumbList","@id":"https:\/\/www.declic-communication.fr\/de\/participez-a-des-salons-professionnels\/#breadcrumb","itemListElement":[{"@type":"ListItem","position":1,"name":"Accueil","item":"https:\/\/www.declic-communication.fr\/de\/?page_id=37042"},{"@type":"ListItem","position":2,"name":"Nehmen Sie an Fachmessen teil!"}]},{"@type":"WebSite","@id":"https:\/\/www.declic-communication.fr\/de\/#website","url":"https:\/\/www.declic-communication.fr\/de\/","name":"D\u00e9clic Communication","description":"Agence conseil en communication et publicit\u00e9 \u00e0 Saint-Avold en Moselle","publisher":{"@id":"https:\/\/www.declic-communication.fr\/de\/#organization"},"potentialAction":[{"@type":"SearchAction","target":{"@type":"EntryPoint","urlTemplate":"https:\/\/www.declic-communication.fr\/de\/?s={search_term_string}"},"query-input":"required name=search_term_string"}],"inLanguage":"de"},{"@type":"Organization","@id":"https:\/\/www.declic-communication.fr\/de\/#organization","name":"D\u00e9clic Communication","url":"https:\/\/www.declic-communication.fr\/de\/","logo":{"@type":"ImageObject","inLanguage":"de","@id":"https:\/\/www.declic-communication.fr\/de\/#\/schema\/logo\/image\/","url":"https:\/\/www.declic-communication.fr\/wp-content\/uploads\/2023\/10\/logo-declic-communication.svg","contentUrl":"https:\/\/www.declic-communication.fr\/wp-content\/uploads\/2023\/10\/logo-declic-communication.svg","width":600,"height":250,"caption":"D\u00e9clic Communication"},"image":{"@id":"https:\/\/www.declic-communication.fr\/de\/#\/schema\/logo\/image\/"}},{"@type":"Person","@id":"https:\/\/www.declic-communication.fr\/de\/#\/schema\/person\/4cf3d266aa5cd56156ae2d0af23b8a21","name":"Line TODISCO","url":"https:\/\/www.declic-communication.fr\/de\/"}]}},"_links":{"self":[{"href":"https:\/\/www.declic-communication.fr\/de\/wp-json\/wp\/v2\/posts\/30199","targetHints":{"allow":["GET"]}}],"collection":[{"href":"https:\/\/www.declic-communication.fr\/de\/wp-json\/wp\/v2\/posts"}],"about":[{"href":"https:\/\/www.declic-communication.fr\/de\/wp-json\/wp\/v2\/types\/post"}],"author":[{"embeddable":true,"href":"https:\/\/www.declic-communication.fr\/de\/wp-json\/wp\/v2\/users\/9"}],"replies":[{"embeddable":true,"href":"https:\/\/www.declic-communication.fr\/de\/wp-json\/wp\/v2\/comments?post=30199"}],"version-history":[{"count":0,"href":"https:\/\/www.declic-communication.fr\/de\/wp-json\/wp\/v2\/posts\/30199\/revisions"}],"wp:featuredmedia":[{"embeddable":true,"href":"https:\/\/www.declic-communication.fr\/de\/wp-json\/wp\/v2\/media\/29672"}],"wp:attachment":[{"href":"https:\/\/www.declic-communication.fr\/de\/wp-json\/wp\/v2\/media?parent=30199"}],"wp:term":[{"taxonomy":"category","embeddable":true,"href":"https:\/\/www.declic-communication.fr\/de\/wp-json\/wp\/v2\/categories?post=30199"},{"taxonomy":"post_tag","embeddable":true,"href":"https:\/\/www.declic-communication.fr\/de\/wp-json\/wp\/v2\/tags?post=30199"}],"curies":[{"name":"wp","href":"https:\/\/api.w.org\/{rel}","templated":true}]}}