{"id":30715,"date":"2022-04-15T12:05:00","date_gmt":"2022-04-15T10:05:00","guid":{"rendered":"https:\/\/www.declic-communication.fr\/journee-mondiale-de-la-creativite-et-de-linnovation-jeudi-21-avril-2022\/"},"modified":"2022-05-02T16:24:48","modified_gmt":"2022-05-02T14:24:48","slug":"journee-mondiale-de-la-creativite-et-de-linnovation-jeudi-21-avril-2022","status":"publish","type":"post","link":"https:\/\/www.declic-communication.fr\/de\/journee-mondiale-de-la-creativite-et-de-linnovation-jeudi-21-avril-2022\/","title":{"rendered":"Welttag der Kreativit\u00e4t und Innovation Donnerstag, 21. April 2022"},"content":{"rendered":"\n<p><p>Kreativit\u00e4t ist ein Schl\u00fcsselfaktor f\u00fcr die Entwicklung eines Unternehmens. Sie erm\u00f6glicht es, sich in einer Zeit, in der die Innovation immer weiter voranschreitet, von der Masse abzuheben.<\/p>\n<p>Das Team von D\u00e9clic Communication, schl\u00e4gt Ihnen vor, Hand in Hand Ihre Kreativit\u00e4t zu entwickeln.&nbsp;<\/p>\n<p>Setzen Sie auf Leitbilder und eine Einstellung, die sich unterscheiden; dieser Tag gibt Ihnen die Gelegenheit, Ihre Projekte auf den Pr\u00fcfstand zu stellen. Holen Sie sich neuen Schwung, lassen Sie unsere gemeinsame Fantasie sprechen.&nbsp;<\/p>\n<p><strong>Kreativit\u00e4t<\/strong> ist eine potenzielle Quelle f\u00fcr strategische Differenzierung.&nbsp;Unsere Agentur setzt auf Brainstormings im Team. So k\u00f6nnen wir die Visionen jedes Einzelnen sinnvoll nutzen, um Projekte zu schaffen, die mit dem Umfeld Ihres Unternehmens im Einklang stehen.<\/p>\n<p>Fehlt es Ihnen an Inspiration f\u00fcr Ihre Projekte? Das Team von D\u00e9clic Communication bietet Ihnen strukturierte <a href=\"https:\/\/www.declic-communication.fr\/demande-de-rendez-vous\/?lang=de\">Kreativit\u00e4tssitzungen<\/a> an, um neue Projekte zu entwickeln!<\/p><\/p>\n","protected":false},"excerpt":{"rendered":"<p>Kreativit\u00e4t ist ein Schl\u00fcsselfaktor f\u00fcr die Entwicklung eines Unternehmens. Sie erm\u00f6glicht es, sich in einer Zeit, in der die Innovation immer weiter voranschreitet, von der Masse abzuheben. Das Team von D\u00e9clic Communication, schl\u00e4gt Ihnen vor, Hand in Hand Ihre Kreativit\u00e4t zu entwickeln.&nbsp; Setzen Sie auf Leitbilder und eine Einstellung, die sich unterscheiden; dieser Tag gibt [&hellip;]<\/p>\n","protected":false},"author":9,"featured_media":30452,"comment_status":"closed","ping_status":"closed","sticky":false,"template":"","format":"standard","meta":{"inline_featured_image":false,"footnotes":""},"categories":[31],"tags":[],"class_list":["post-30715","post","type-post","status-publish","format-standard","has-post-thumbnail","hentry","category-nachrichten"],"yoast_head":"<!-- This site is optimized with the Yoast SEO plugin v20.4 - https:\/\/yoast.com\/wordpress\/plugins\/seo\/ -->\n<title>Welttag der Kreativit\u00e4t und Innovation Donnerstag, 21. April 2022 - D\u00e9clic Communication<\/title>\n<meta name=\"robots\" content=\"index, follow, max-snippet:-1, max-image-preview:large, max-video-preview:-1\" \/>\n<link rel=\"canonical\" href=\"https:\/\/www.declic-communication.fr\/de\/journee-mondiale-de-la-creativite-et-de-linnovation-jeudi-21-avril-2022\/\" \/>\n<meta property=\"og:locale\" content=\"de_DE\" \/>\n<meta property=\"og:type\" content=\"article\" \/>\n<meta property=\"og:title\" content=\"Welttag der Kreativit\u00e4t und Innovation Donnerstag, 21. April 2022 - D\u00e9clic Communication\" \/>\n<meta property=\"og:description\" content=\"Kreativit\u00e4t ist ein Schl\u00fcsselfaktor f\u00fcr die Entwicklung eines Unternehmens. Sie erm\u00f6glicht es, sich in einer Zeit, in der die Innovation immer weiter voranschreitet, von der Masse abzuheben. Das Team von D\u00e9clic Communication, schl\u00e4gt Ihnen vor, Hand in Hand Ihre Kreativit\u00e4t zu entwickeln.&nbsp; Setzen Sie auf Leitbilder und eine Einstellung, die sich unterscheiden; dieser Tag gibt [&hellip;]\" \/>\n<meta property=\"og:url\" content=\"https:\/\/www.declic-communication.fr\/de\/journee-mondiale-de-la-creativite-et-de-linnovation-jeudi-21-avril-2022\/\" \/>\n<meta property=\"og:site_name\" content=\"D\u00e9clic Communication\" \/>\n<meta property=\"article:published_time\" content=\"2022-04-15T10:05:00+00:00\" \/>\n<meta property=\"article:modified_time\" content=\"2022-05-02T14:24:48+00:00\" \/>\n<meta property=\"og:image\" content=\"https:\/\/www.declic-communication.fr\/wp-content\/uploads\/2022\/04\/pexels-fauxels-3184295-scaled.jpg\" \/>\n\t<meta property=\"og:image:width\" content=\"2560\" \/>\n\t<meta property=\"og:image:height\" content=\"1707\" \/>\n\t<meta property=\"og:image:type\" content=\"image\/jpeg\" \/>\n<meta name=\"author\" content=\"Line TODISCO\" \/>\n<meta name=\"twitter:card\" content=\"summary_large_image\" \/>\n<meta name=\"twitter:label1\" content=\"Verfasst von\" \/>\n\t<meta name=\"twitter:data1\" content=\"Line TODISCO\" \/>\n\t<meta name=\"twitter:label2\" content=\"Gesch\u00e4tzte Lesezeit\" \/>\n\t<meta name=\"twitter:data2\" content=\"1\u00a0Minute\" \/>\n<script type=\"application\/ld+json\" class=\"yoast-schema-graph\">{\"@context\":\"https:\/\/schema.org\",\"@graph\":[{\"@type\":\"Article\",\"@id\":\"https:\/\/www.declic-communication.fr\/de\/journee-mondiale-de-la-creativite-et-de-linnovation-jeudi-21-avril-2022\/#article\",\"isPartOf\":{\"@id\":\"https:\/\/www.declic-communication.fr\/de\/journee-mondiale-de-la-creativite-et-de-linnovation-jeudi-21-avril-2022\/\"},\"author\":{\"name\":\"Line TODISCO\",\"@id\":\"https:\/\/www.declic-communication.fr\/de\/#\/schema\/person\/4cf3d266aa5cd56156ae2d0af23b8a21\"},\"headline\":\"Welttag der Kreativit\u00e4t und Innovation Donnerstag, 21. April 2022\",\"datePublished\":\"2022-04-15T10:05:00+00:00\",\"dateModified\":\"2022-05-02T14:24:48+00:00\",\"mainEntityOfPage\":{\"@id\":\"https:\/\/www.declic-communication.fr\/de\/journee-mondiale-de-la-creativite-et-de-linnovation-jeudi-21-avril-2022\/\"},\"wordCount\":161,\"publisher\":{\"@id\":\"https:\/\/www.declic-communication.fr\/de\/#organization\"},\"articleSection\":[\"Nachrichten\"],\"inLanguage\":\"de\"},{\"@type\":\"WebPage\",\"@id\":\"https:\/\/www.declic-communication.fr\/de\/journee-mondiale-de-la-creativite-et-de-linnovation-jeudi-21-avril-2022\/\",\"url\":\"https:\/\/www.declic-communication.fr\/de\/journee-mondiale-de-la-creativite-et-de-linnovation-jeudi-21-avril-2022\/\",\"name\":\"Welttag der Kreativit\u00e4t und Innovation Donnerstag, 21. April 2022 - D\u00e9clic Communication\",\"isPartOf\":{\"@id\":\"https:\/\/www.declic-communication.fr\/de\/#website\"},\"datePublished\":\"2022-04-15T10:05:00+00:00\",\"dateModified\":\"2022-05-02T14:24:48+00:00\",\"breadcrumb\":{\"@id\":\"https:\/\/www.declic-communication.fr\/de\/journee-mondiale-de-la-creativite-et-de-linnovation-jeudi-21-avril-2022\/#breadcrumb\"},\"inLanguage\":\"de\",\"potentialAction\":[{\"@type\":\"ReadAction\",\"target\":[\"https:\/\/www.declic-communication.fr\/de\/journee-mondiale-de-la-creativite-et-de-linnovation-jeudi-21-avril-2022\/\"]}]},{\"@type\":\"BreadcrumbList\",\"@id\":\"https:\/\/www.declic-communication.fr\/de\/journee-mondiale-de-la-creativite-et-de-linnovation-jeudi-21-avril-2022\/#breadcrumb\",\"itemListElement\":[{\"@type\":\"ListItem\",\"position\":1,\"name\":\"Accueil\",\"item\":\"https:\/\/www.declic-communication.fr\/de\/?page_id=37042\"},{\"@type\":\"ListItem\",\"position\":2,\"name\":\"Welttag der Kreativit\u00e4t und Innovation Donnerstag, 21. April 2022\"}]},{\"@type\":\"WebSite\",\"@id\":\"https:\/\/www.declic-communication.fr\/de\/#website\",\"url\":\"https:\/\/www.declic-communication.fr\/de\/\",\"name\":\"D\u00e9clic Communication\",\"description\":\"Agence conseil en communication et publicit\u00e9 \u00e0 Saint-Avold en Moselle\",\"publisher\":{\"@id\":\"https:\/\/www.declic-communication.fr\/de\/#organization\"},\"potentialAction\":[{\"@type\":\"SearchAction\",\"target\":{\"@type\":\"EntryPoint\",\"urlTemplate\":\"https:\/\/www.declic-communication.fr\/de\/?s={search_term_string}\"},\"query-input\":\"required name=search_term_string\"}],\"inLanguage\":\"de\"},{\"@type\":\"Organization\",\"@id\":\"https:\/\/www.declic-communication.fr\/de\/#organization\",\"name\":\"D\u00e9clic Communication\",\"url\":\"https:\/\/www.declic-communication.fr\/de\/\",\"logo\":{\"@type\":\"ImageObject\",\"inLanguage\":\"de\",\"@id\":\"https:\/\/www.declic-communication.fr\/de\/#\/schema\/logo\/image\/\",\"url\":\"https:\/\/www.declic-communication.fr\/wp-content\/uploads\/2023\/10\/logo-declic-communication.svg\",\"contentUrl\":\"https:\/\/www.declic-communication.fr\/wp-content\/uploads\/2023\/10\/logo-declic-communication.svg\",\"width\":600,\"height\":250,\"caption\":\"D\u00e9clic Communication\"},\"image\":{\"@id\":\"https:\/\/www.declic-communication.fr\/de\/#\/schema\/logo\/image\/\"}},{\"@type\":\"Person\",\"@id\":\"https:\/\/www.declic-communication.fr\/de\/#\/schema\/person\/4cf3d266aa5cd56156ae2d0af23b8a21\",\"name\":\"Line TODISCO\",\"url\":\"https:\/\/www.declic-communication.fr\/de\/\"}]}<\/script>\n<!-- \/ Yoast SEO plugin. -->","yoast_head_json":{"title":"Welttag der Kreativit\u00e4t und Innovation Donnerstag, 21. April 2022 - D\u00e9clic Communication","robots":{"index":"index","follow":"follow","max-snippet":"max-snippet:-1","max-image-preview":"max-image-preview:large","max-video-preview":"max-video-preview:-1"},"canonical":"https:\/\/www.declic-communication.fr\/de\/journee-mondiale-de-la-creativite-et-de-linnovation-jeudi-21-avril-2022\/","og_locale":"de_DE","og_type":"article","og_title":"Welttag der Kreativit\u00e4t und Innovation Donnerstag, 21. April 2022 - D\u00e9clic Communication","og_description":"Kreativit\u00e4t ist ein Schl\u00fcsselfaktor f\u00fcr die Entwicklung eines Unternehmens. Sie erm\u00f6glicht es, sich in einer Zeit, in der die Innovation immer weiter voranschreitet, von der Masse abzuheben. Das Team von D\u00e9clic Communication, schl\u00e4gt Ihnen vor, Hand in Hand Ihre Kreativit\u00e4t zu entwickeln.&nbsp; Setzen Sie auf Leitbilder und eine Einstellung, die sich unterscheiden; dieser Tag gibt [&hellip;]","og_url":"https:\/\/www.declic-communication.fr\/de\/journee-mondiale-de-la-creativite-et-de-linnovation-jeudi-21-avril-2022\/","og_site_name":"D\u00e9clic Communication","article_published_time":"2022-04-15T10:05:00+00:00","article_modified_time":"2022-05-02T14:24:48+00:00","og_image":[{"width":2560,"height":1707,"url":"https:\/\/www.declic-communication.fr\/wp-content\/uploads\/2022\/04\/pexels-fauxels-3184295-scaled.jpg","type":"image\/jpeg"}],"author":"Line TODISCO","twitter_card":"summary_large_image","twitter_misc":{"Verfasst von":"Line TODISCO","Gesch\u00e4tzte Lesezeit":"1\u00a0Minute"},"schema":{"@context":"https:\/\/schema.org","@graph":[{"@type":"Article","@id":"https:\/\/www.declic-communication.fr\/de\/journee-mondiale-de-la-creativite-et-de-linnovation-jeudi-21-avril-2022\/#article","isPartOf":{"@id":"https:\/\/www.declic-communication.fr\/de\/journee-mondiale-de-la-creativite-et-de-linnovation-jeudi-21-avril-2022\/"},"author":{"name":"Line TODISCO","@id":"https:\/\/www.declic-communication.fr\/de\/#\/schema\/person\/4cf3d266aa5cd56156ae2d0af23b8a21"},"headline":"Welttag der Kreativit\u00e4t und Innovation Donnerstag, 21. April 2022","datePublished":"2022-04-15T10:05:00+00:00","dateModified":"2022-05-02T14:24:48+00:00","mainEntityOfPage":{"@id":"https:\/\/www.declic-communication.fr\/de\/journee-mondiale-de-la-creativite-et-de-linnovation-jeudi-21-avril-2022\/"},"wordCount":161,"publisher":{"@id":"https:\/\/www.declic-communication.fr\/de\/#organization"},"articleSection":["Nachrichten"],"inLanguage":"de"},{"@type":"WebPage","@id":"https:\/\/www.declic-communication.fr\/de\/journee-mondiale-de-la-creativite-et-de-linnovation-jeudi-21-avril-2022\/","url":"https:\/\/www.declic-communication.fr\/de\/journee-mondiale-de-la-creativite-et-de-linnovation-jeudi-21-avril-2022\/","name":"Welttag der Kreativit\u00e4t und Innovation Donnerstag, 21. April 2022 - D\u00e9clic Communication","isPartOf":{"@id":"https:\/\/www.declic-communication.fr\/de\/#website"},"datePublished":"2022-04-15T10:05:00+00:00","dateModified":"2022-05-02T14:24:48+00:00","breadcrumb":{"@id":"https:\/\/www.declic-communication.fr\/de\/journee-mondiale-de-la-creativite-et-de-linnovation-jeudi-21-avril-2022\/#breadcrumb"},"inLanguage":"de","potentialAction":[{"@type":"ReadAction","target":["https:\/\/www.declic-communication.fr\/de\/journee-mondiale-de-la-creativite-et-de-linnovation-jeudi-21-avril-2022\/"]}]},{"@type":"BreadcrumbList","@id":"https:\/\/www.declic-communication.fr\/de\/journee-mondiale-de-la-creativite-et-de-linnovation-jeudi-21-avril-2022\/#breadcrumb","itemListElement":[{"@type":"ListItem","position":1,"name":"Accueil","item":"https:\/\/www.declic-communication.fr\/de\/?page_id=37042"},{"@type":"ListItem","position":2,"name":"Welttag der Kreativit\u00e4t und Innovation Donnerstag, 21. April 2022"}]},{"@type":"WebSite","@id":"https:\/\/www.declic-communication.fr\/de\/#website","url":"https:\/\/www.declic-communication.fr\/de\/","name":"D\u00e9clic Communication","description":"Agence conseil en communication et publicit\u00e9 \u00e0 Saint-Avold en Moselle","publisher":{"@id":"https:\/\/www.declic-communication.fr\/de\/#organization"},"potentialAction":[{"@type":"SearchAction","target":{"@type":"EntryPoint","urlTemplate":"https:\/\/www.declic-communication.fr\/de\/?s={search_term_string}"},"query-input":"required name=search_term_string"}],"inLanguage":"de"},{"@type":"Organization","@id":"https:\/\/www.declic-communication.fr\/de\/#organization","name":"D\u00e9clic Communication","url":"https:\/\/www.declic-communication.fr\/de\/","logo":{"@type":"ImageObject","inLanguage":"de","@id":"https:\/\/www.declic-communication.fr\/de\/#\/schema\/logo\/image\/","url":"https:\/\/www.declic-communication.fr\/wp-content\/uploads\/2023\/10\/logo-declic-communication.svg","contentUrl":"https:\/\/www.declic-communication.fr\/wp-content\/uploads\/2023\/10\/logo-declic-communication.svg","width":600,"height":250,"caption":"D\u00e9clic Communication"},"image":{"@id":"https:\/\/www.declic-communication.fr\/de\/#\/schema\/logo\/image\/"}},{"@type":"Person","@id":"https:\/\/www.declic-communication.fr\/de\/#\/schema\/person\/4cf3d266aa5cd56156ae2d0af23b8a21","name":"Line TODISCO","url":"https:\/\/www.declic-communication.fr\/de\/"}]}},"_links":{"self":[{"href":"https:\/\/www.declic-communication.fr\/de\/wp-json\/wp\/v2\/posts\/30715","targetHints":{"allow":["GET"]}}],"collection":[{"href":"https:\/\/www.declic-communication.fr\/de\/wp-json\/wp\/v2\/posts"}],"about":[{"href":"https:\/\/www.declic-communication.fr\/de\/wp-json\/wp\/v2\/types\/post"}],"author":[{"embeddable":true,"href":"https:\/\/www.declic-communication.fr\/de\/wp-json\/wp\/v2\/users\/9"}],"replies":[{"embeddable":true,"href":"https:\/\/www.declic-communication.fr\/de\/wp-json\/wp\/v2\/comments?post=30715"}],"version-history":[{"count":0,"href":"https:\/\/www.declic-communication.fr\/de\/wp-json\/wp\/v2\/posts\/30715\/revisions"}],"wp:featuredmedia":[{"embeddable":true,"href":"https:\/\/www.declic-communication.fr\/de\/wp-json\/wp\/v2\/media\/30452"}],"wp:attachment":[{"href":"https:\/\/www.declic-communication.fr\/de\/wp-json\/wp\/v2\/media?parent=30715"}],"wp:term":[{"taxonomy":"category","embeddable":true,"href":"https:\/\/www.declic-communication.fr\/de\/wp-json\/wp\/v2\/categories?post=30715"},{"taxonomy":"post_tag","embeddable":true,"href":"https:\/\/www.declic-communication.fr\/de\/wp-json\/wp\/v2\/tags?post=30715"}],"curies":[{"name":"wp","href":"https:\/\/api.w.org\/{rel}","templated":true}]}}