{"id":31073,"date":"2022-06-27T17:23:09","date_gmt":"2022-06-27T15:23:09","guid":{"rendered":"https:\/\/www.declic-communication.fr\/das-cinevox-theatre-wird-seine-tueren-fuer-das-festival-off-davignon-2022-oeffnen\/"},"modified":"2022-06-27T17:23:12","modified_gmt":"2022-06-27T15:23:12","slug":"das-cinevox-theatre-wird-seine-tueren-fuer-das-festival-off-davignon-2022-oeffnen","status":"publish","type":"post","link":"https:\/\/www.declic-communication.fr\/de\/das-cinevox-theatre-wird-seine-tueren-fuer-das-festival-off-davignon-2022-oeffnen\/","title":{"rendered":"Das Cin\u00e9vox Th\u00e9\u00e2tre wird seine T\u00fcren f\u00fcr das Festival OFF d\u2019Avignon 2022 \u00f6ffnen!"},"content":{"rendered":"\n<p>Das diesj\u00e4hrige Festival Off d\u2019Avignon findet vom 7. bis 30. Juli 2022 statt! Es ist das wichtigste Ereignis des Sommers und eines der gr\u00f6\u00dften Festivals f\u00fcr darstellende K\u00fcnste der Welt! Es vereint mehr als 1.000 Auff\u00fchrungen (Theater, Tanz, Musik, Zirkus, One-Man-Show&#8230;) von K\u00fcnstlern aus mehr als 40 L\u00e4ndern.<\/p>\n\n<p>Das Cin\u00e9vox Th\u00e9\u00e2tre befindet sich im Herzen von Avignon auf dem Place de l\u2019Horloge und ist f\u00fcr Festivalbesucher ein Muss. Seine T\u00fcren werden am 7. Juli f\u00fcr ein neues Festival OFF ge\u00f6ffnet. Es feiert dieses Jahr mit Ihnen seine 100 Jahre Kultur und Leidenschaft.<\/p>\n\n<p>Um diese Neuer\u00f6ffnung bestm\u00f6glich vorzubereiten, haben unsere Experten in Zusammenarbeit mit dem Team des Cin\u00e9vox Theaters und dem Webdesigner Th\u00e9o Martin ihre <a href=\"https:\/\/www.cinevoxtheatre.fr\/\">neue Website<\/a> vollst\u00e4ndig entwickelt! Praktisch, responsive, designorientiert und gut lesbar, k\u00f6nnen Sie dort ihr gesamtes Programm f\u00fcr das Festival finden: <a href=\"https:\/\/www.cinevoxtheatre.fr\/\">https:\/\/www.cinevoxtheatre.fr\/<\/a><\/p>\n\n<figure class=\"wp-block-video\"><video controls=\"\" src=\"https:\/\/www.declic-communication.fr\/wp-content\/uploads\/2022\/05\/v2-cinevox-post-declic.mp4\"><\/video><\/figure>","protected":false},"excerpt":{"rendered":"<p>Das diesj\u00e4hrige Festival Off d\u2019Avignon findet vom 7. bis 30. Juli 2022 statt! Es ist das wichtigste Ereignis des Sommers und eines der gr\u00f6\u00dften Festivals f\u00fcr darstellende K\u00fcnste der Welt! Es vereint mehr als 1.000 Auff\u00fchrungen (Theater, Tanz, Musik, Zirkus, One-Man-Show&#8230;) von K\u00fcnstlern aus mehr als 40 L\u00e4ndern. Das Cin\u00e9vox Th\u00e9\u00e2tre befindet sich im Herzen [&hellip;]<\/p>\n","protected":false},"author":5,"featured_media":30920,"comment_status":"closed","ping_status":"closed","sticky":false,"template":"","format":"standard","meta":{"inline_featured_image":false,"footnotes":""},"categories":[31],"tags":[],"class_list":["post-31073","post","type-post","status-publish","format-standard","has-post-thumbnail","hentry","category-nachrichten"],"yoast_head":"<!-- This site is optimized with the Yoast SEO plugin v20.4 - https:\/\/yoast.com\/wordpress\/plugins\/seo\/ -->\n<title>Das Cin\u00e9vox Th\u00e9\u00e2tre wird seine T\u00fcren f\u00fcr das Festival OFF d\u2019Avignon 2022 \u00f6ffnen! - D\u00e9clic Communication<\/title>\n<meta name=\"robots\" content=\"index, follow, max-snippet:-1, max-image-preview:large, max-video-preview:-1\" \/>\n<link rel=\"canonical\" href=\"https:\/\/www.declic-communication.fr\/de\/das-cinevox-theatre-wird-seine-tueren-fuer-das-festival-off-davignon-2022-oeffnen\/\" \/>\n<meta property=\"og:locale\" content=\"de_DE\" \/>\n<meta property=\"og:type\" content=\"article\" \/>\n<meta property=\"og:title\" content=\"Das Cin\u00e9vox Th\u00e9\u00e2tre wird seine T\u00fcren f\u00fcr das Festival OFF d\u2019Avignon 2022 \u00f6ffnen! - D\u00e9clic Communication\" \/>\n<meta property=\"og:description\" content=\"Das diesj\u00e4hrige Festival Off d\u2019Avignon findet vom 7. bis 30. Juli 2022 statt! Es ist das wichtigste Ereignis des Sommers und eines der gr\u00f6\u00dften Festivals f\u00fcr darstellende K\u00fcnste der Welt! Es vereint mehr als 1.000 Auff\u00fchrungen (Theater, Tanz, Musik, Zirkus, One-Man-Show&#8230;) von K\u00fcnstlern aus mehr als 40 L\u00e4ndern. Das Cin\u00e9vox Th\u00e9\u00e2tre befindet sich im Herzen [&hellip;]\" \/>\n<meta property=\"og:url\" content=\"https:\/\/www.declic-communication.fr\/de\/das-cinevox-theatre-wird-seine-tueren-fuer-das-festival-off-davignon-2022-oeffnen\/\" \/>\n<meta property=\"og:site_name\" content=\"D\u00e9clic Communication\" \/>\n<meta property=\"article:published_time\" content=\"2022-06-27T15:23:09+00:00\" \/>\n<meta property=\"article:modified_time\" content=\"2022-06-27T15:23:12+00:00\" \/>\n<meta property=\"og:image\" content=\"https:\/\/www.declic-communication.fr\/wp-content\/uploads\/2022\/05\/cinevox-banner-declic.jpg\" \/>\n\t<meta property=\"og:image:width\" content=\"1000\" \/>\n\t<meta property=\"og:image:height\" content=\"667\" \/>\n\t<meta property=\"og:image:type\" content=\"image\/jpeg\" \/>\n<meta name=\"author\" content=\"Lise BRAUN\" \/>\n<meta name=\"twitter:card\" content=\"summary_large_image\" \/>\n<meta name=\"twitter:label1\" content=\"Verfasst von\" \/>\n\t<meta name=\"twitter:data1\" content=\"Lise BRAUN\" \/>\n\t<meta name=\"twitter:label2\" content=\"Gesch\u00e4tzte Lesezeit\" \/>\n\t<meta name=\"twitter:data2\" content=\"1\u00a0Minute\" \/>\n<script type=\"application\/ld+json\" class=\"yoast-schema-graph\">{\"@context\":\"https:\/\/schema.org\",\"@graph\":[{\"@type\":\"Article\",\"@id\":\"https:\/\/www.declic-communication.fr\/de\/das-cinevox-theatre-wird-seine-tueren-fuer-das-festival-off-davignon-2022-oeffnen\/#article\",\"isPartOf\":{\"@id\":\"https:\/\/www.declic-communication.fr\/de\/das-cinevox-theatre-wird-seine-tueren-fuer-das-festival-off-davignon-2022-oeffnen\/\"},\"author\":{\"name\":\"Lise BRAUN\",\"@id\":\"https:\/\/www.declic-communication.fr\/de\/#\/schema\/person\/c2bd6861d770a7ec06e53fbfab6d53ff\"},\"headline\":\"Das Cin\u00e9vox Th\u00e9\u00e2tre wird seine T\u00fcren f\u00fcr das Festival OFF d\u2019Avignon 2022 \u00f6ffnen!\",\"datePublished\":\"2022-06-27T15:23:09+00:00\",\"dateModified\":\"2022-06-27T15:23:12+00:00\",\"mainEntityOfPage\":{\"@id\":\"https:\/\/www.declic-communication.fr\/de\/das-cinevox-theatre-wird-seine-tueren-fuer-das-festival-off-davignon-2022-oeffnen\/\"},\"wordCount\":170,\"publisher\":{\"@id\":\"https:\/\/www.declic-communication.fr\/de\/#organization\"},\"articleSection\":[\"Nachrichten\"],\"inLanguage\":\"de\"},{\"@type\":\"WebPage\",\"@id\":\"https:\/\/www.declic-communication.fr\/de\/das-cinevox-theatre-wird-seine-tueren-fuer-das-festival-off-davignon-2022-oeffnen\/\",\"url\":\"https:\/\/www.declic-communication.fr\/de\/das-cinevox-theatre-wird-seine-tueren-fuer-das-festival-off-davignon-2022-oeffnen\/\",\"name\":\"Das Cin\u00e9vox Th\u00e9\u00e2tre wird seine T\u00fcren f\u00fcr das Festival OFF d\u2019Avignon 2022 \u00f6ffnen! - D\u00e9clic Communication\",\"isPartOf\":{\"@id\":\"https:\/\/www.declic-communication.fr\/de\/#website\"},\"datePublished\":\"2022-06-27T15:23:09+00:00\",\"dateModified\":\"2022-06-27T15:23:12+00:00\",\"breadcrumb\":{\"@id\":\"https:\/\/www.declic-communication.fr\/de\/das-cinevox-theatre-wird-seine-tueren-fuer-das-festival-off-davignon-2022-oeffnen\/#breadcrumb\"},\"inLanguage\":\"de\",\"potentialAction\":[{\"@type\":\"ReadAction\",\"target\":[\"https:\/\/www.declic-communication.fr\/de\/das-cinevox-theatre-wird-seine-tueren-fuer-das-festival-off-davignon-2022-oeffnen\/\"]}]},{\"@type\":\"BreadcrumbList\",\"@id\":\"https:\/\/www.declic-communication.fr\/de\/das-cinevox-theatre-wird-seine-tueren-fuer-das-festival-off-davignon-2022-oeffnen\/#breadcrumb\",\"itemListElement\":[{\"@type\":\"ListItem\",\"position\":1,\"name\":\"Accueil\",\"item\":\"https:\/\/www.declic-communication.fr\/de\/?page_id=37042\"},{\"@type\":\"ListItem\",\"position\":2,\"name\":\"Das Cin\u00e9vox Th\u00e9\u00e2tre wird seine T\u00fcren f\u00fcr das Festival OFF d\u2019Avignon 2022 \u00f6ffnen!\"}]},{\"@type\":\"WebSite\",\"@id\":\"https:\/\/www.declic-communication.fr\/de\/#website\",\"url\":\"https:\/\/www.declic-communication.fr\/de\/\",\"name\":\"D\u00e9clic Communication\",\"description\":\"Agence conseil en communication et publicit\u00e9 \u00e0 Saint-Avold en Moselle\",\"publisher\":{\"@id\":\"https:\/\/www.declic-communication.fr\/de\/#organization\"},\"potentialAction\":[{\"@type\":\"SearchAction\",\"target\":{\"@type\":\"EntryPoint\",\"urlTemplate\":\"https:\/\/www.declic-communication.fr\/de\/?s={search_term_string}\"},\"query-input\":\"required name=search_term_string\"}],\"inLanguage\":\"de\"},{\"@type\":\"Organization\",\"@id\":\"https:\/\/www.declic-communication.fr\/de\/#organization\",\"name\":\"D\u00e9clic Communication\",\"url\":\"https:\/\/www.declic-communication.fr\/de\/\",\"logo\":{\"@type\":\"ImageObject\",\"inLanguage\":\"de\",\"@id\":\"https:\/\/www.declic-communication.fr\/de\/#\/schema\/logo\/image\/\",\"url\":\"https:\/\/www.declic-communication.fr\/wp-content\/uploads\/2023\/10\/logo-declic-communication.svg\",\"contentUrl\":\"https:\/\/www.declic-communication.fr\/wp-content\/uploads\/2023\/10\/logo-declic-communication.svg\",\"width\":600,\"height\":250,\"caption\":\"D\u00e9clic Communication\"},\"image\":{\"@id\":\"https:\/\/www.declic-communication.fr\/de\/#\/schema\/logo\/image\/\"}},{\"@type\":\"Person\",\"@id\":\"https:\/\/www.declic-communication.fr\/de\/#\/schema\/person\/c2bd6861d770a7ec06e53fbfab6d53ff\",\"name\":\"Lise BRAUN\",\"url\":\"https:\/\/www.declic-communication.fr\/de\/\"}]}<\/script>\n<!-- \/ Yoast SEO plugin. -->","yoast_head_json":{"title":"Das Cin\u00e9vox Th\u00e9\u00e2tre wird seine T\u00fcren f\u00fcr das Festival OFF d\u2019Avignon 2022 \u00f6ffnen! - D\u00e9clic Communication","robots":{"index":"index","follow":"follow","max-snippet":"max-snippet:-1","max-image-preview":"max-image-preview:large","max-video-preview":"max-video-preview:-1"},"canonical":"https:\/\/www.declic-communication.fr\/de\/das-cinevox-theatre-wird-seine-tueren-fuer-das-festival-off-davignon-2022-oeffnen\/","og_locale":"de_DE","og_type":"article","og_title":"Das Cin\u00e9vox Th\u00e9\u00e2tre wird seine T\u00fcren f\u00fcr das Festival OFF d\u2019Avignon 2022 \u00f6ffnen! - D\u00e9clic Communication","og_description":"Das diesj\u00e4hrige Festival Off d\u2019Avignon findet vom 7. bis 30. Juli 2022 statt! Es ist das wichtigste Ereignis des Sommers und eines der gr\u00f6\u00dften Festivals f\u00fcr darstellende K\u00fcnste der Welt! Es vereint mehr als 1.000 Auff\u00fchrungen (Theater, Tanz, Musik, Zirkus, One-Man-Show&#8230;) von K\u00fcnstlern aus mehr als 40 L\u00e4ndern. Das Cin\u00e9vox Th\u00e9\u00e2tre befindet sich im Herzen [&hellip;]","og_url":"https:\/\/www.declic-communication.fr\/de\/das-cinevox-theatre-wird-seine-tueren-fuer-das-festival-off-davignon-2022-oeffnen\/","og_site_name":"D\u00e9clic Communication","article_published_time":"2022-06-27T15:23:09+00:00","article_modified_time":"2022-06-27T15:23:12+00:00","og_image":[{"width":1000,"height":667,"url":"https:\/\/www.declic-communication.fr\/wp-content\/uploads\/2022\/05\/cinevox-banner-declic.jpg","type":"image\/jpeg"}],"author":"Lise BRAUN","twitter_card":"summary_large_image","twitter_misc":{"Verfasst von":"Lise BRAUN","Gesch\u00e4tzte Lesezeit":"1\u00a0Minute"},"schema":{"@context":"https:\/\/schema.org","@graph":[{"@type":"Article","@id":"https:\/\/www.declic-communication.fr\/de\/das-cinevox-theatre-wird-seine-tueren-fuer-das-festival-off-davignon-2022-oeffnen\/#article","isPartOf":{"@id":"https:\/\/www.declic-communication.fr\/de\/das-cinevox-theatre-wird-seine-tueren-fuer-das-festival-off-davignon-2022-oeffnen\/"},"author":{"name":"Lise BRAUN","@id":"https:\/\/www.declic-communication.fr\/de\/#\/schema\/person\/c2bd6861d770a7ec06e53fbfab6d53ff"},"headline":"Das Cin\u00e9vox Th\u00e9\u00e2tre wird seine T\u00fcren f\u00fcr das Festival OFF d\u2019Avignon 2022 \u00f6ffnen!","datePublished":"2022-06-27T15:23:09+00:00","dateModified":"2022-06-27T15:23:12+00:00","mainEntityOfPage":{"@id":"https:\/\/www.declic-communication.fr\/de\/das-cinevox-theatre-wird-seine-tueren-fuer-das-festival-off-davignon-2022-oeffnen\/"},"wordCount":170,"publisher":{"@id":"https:\/\/www.declic-communication.fr\/de\/#organization"},"articleSection":["Nachrichten"],"inLanguage":"de"},{"@type":"WebPage","@id":"https:\/\/www.declic-communication.fr\/de\/das-cinevox-theatre-wird-seine-tueren-fuer-das-festival-off-davignon-2022-oeffnen\/","url":"https:\/\/www.declic-communication.fr\/de\/das-cinevox-theatre-wird-seine-tueren-fuer-das-festival-off-davignon-2022-oeffnen\/","name":"Das Cin\u00e9vox Th\u00e9\u00e2tre wird seine T\u00fcren f\u00fcr das Festival OFF d\u2019Avignon 2022 \u00f6ffnen! - D\u00e9clic Communication","isPartOf":{"@id":"https:\/\/www.declic-communication.fr\/de\/#website"},"datePublished":"2022-06-27T15:23:09+00:00","dateModified":"2022-06-27T15:23:12+00:00","breadcrumb":{"@id":"https:\/\/www.declic-communication.fr\/de\/das-cinevox-theatre-wird-seine-tueren-fuer-das-festival-off-davignon-2022-oeffnen\/#breadcrumb"},"inLanguage":"de","potentialAction":[{"@type":"ReadAction","target":["https:\/\/www.declic-communication.fr\/de\/das-cinevox-theatre-wird-seine-tueren-fuer-das-festival-off-davignon-2022-oeffnen\/"]}]},{"@type":"BreadcrumbList","@id":"https:\/\/www.declic-communication.fr\/de\/das-cinevox-theatre-wird-seine-tueren-fuer-das-festival-off-davignon-2022-oeffnen\/#breadcrumb","itemListElement":[{"@type":"ListItem","position":1,"name":"Accueil","item":"https:\/\/www.declic-communication.fr\/de\/?page_id=37042"},{"@type":"ListItem","position":2,"name":"Das Cin\u00e9vox Th\u00e9\u00e2tre wird seine T\u00fcren f\u00fcr das Festival OFF d\u2019Avignon 2022 \u00f6ffnen!"}]},{"@type":"WebSite","@id":"https:\/\/www.declic-communication.fr\/de\/#website","url":"https:\/\/www.declic-communication.fr\/de\/","name":"D\u00e9clic Communication","description":"Agence conseil en communication et publicit\u00e9 \u00e0 Saint-Avold en Moselle","publisher":{"@id":"https:\/\/www.declic-communication.fr\/de\/#organization"},"potentialAction":[{"@type":"SearchAction","target":{"@type":"EntryPoint","urlTemplate":"https:\/\/www.declic-communication.fr\/de\/?s={search_term_string}"},"query-input":"required name=search_term_string"}],"inLanguage":"de"},{"@type":"Organization","@id":"https:\/\/www.declic-communication.fr\/de\/#organization","name":"D\u00e9clic Communication","url":"https:\/\/www.declic-communication.fr\/de\/","logo":{"@type":"ImageObject","inLanguage":"de","@id":"https:\/\/www.declic-communication.fr\/de\/#\/schema\/logo\/image\/","url":"https:\/\/www.declic-communication.fr\/wp-content\/uploads\/2023\/10\/logo-declic-communication.svg","contentUrl":"https:\/\/www.declic-communication.fr\/wp-content\/uploads\/2023\/10\/logo-declic-communication.svg","width":600,"height":250,"caption":"D\u00e9clic Communication"},"image":{"@id":"https:\/\/www.declic-communication.fr\/de\/#\/schema\/logo\/image\/"}},{"@type":"Person","@id":"https:\/\/www.declic-communication.fr\/de\/#\/schema\/person\/c2bd6861d770a7ec06e53fbfab6d53ff","name":"Lise BRAUN","url":"https:\/\/www.declic-communication.fr\/de\/"}]}},"_links":{"self":[{"href":"https:\/\/www.declic-communication.fr\/de\/wp-json\/wp\/v2\/posts\/31073","targetHints":{"allow":["GET"]}}],"collection":[{"href":"https:\/\/www.declic-communication.fr\/de\/wp-json\/wp\/v2\/posts"}],"about":[{"href":"https:\/\/www.declic-communication.fr\/de\/wp-json\/wp\/v2\/types\/post"}],"author":[{"embeddable":true,"href":"https:\/\/www.declic-communication.fr\/de\/wp-json\/wp\/v2\/users\/5"}],"replies":[{"embeddable":true,"href":"https:\/\/www.declic-communication.fr\/de\/wp-json\/wp\/v2\/comments?post=31073"}],"version-history":[{"count":0,"href":"https:\/\/www.declic-communication.fr\/de\/wp-json\/wp\/v2\/posts\/31073\/revisions"}],"wp:featuredmedia":[{"embeddable":true,"href":"https:\/\/www.declic-communication.fr\/de\/wp-json\/wp\/v2\/media\/30920"}],"wp:attachment":[{"href":"https:\/\/www.declic-communication.fr\/de\/wp-json\/wp\/v2\/media?parent=31073"}],"wp:term":[{"taxonomy":"category","embeddable":true,"href":"https:\/\/www.declic-communication.fr\/de\/wp-json\/wp\/v2\/categories?post=31073"},{"taxonomy":"post_tag","embeddable":true,"href":"https:\/\/www.declic-communication.fr\/de\/wp-json\/wp\/v2\/tags?post=31073"}],"curies":[{"name":"wp","href":"https:\/\/api.w.org\/{rel}","templated":true}]}}