{"id":22249,"date":"2020-08-28T08:48:39","date_gmt":"2020-08-28T07:48:39","guid":{"rendered":"https:\/\/www.declic-communication.com\/travailler-oui-mais-en-respectant-les-gestes-barrieres-cest-mieux\/"},"modified":"2022-01-07T13:23:29","modified_gmt":"2022-01-07T12:23:29","slug":"travailler-oui-mais-en-respectant-les-gestes-barrieres-cest-mieux","status":"publish","type":"post","link":"https:\/\/www.declic-communication.fr\/en\/travailler-oui-mais-en-respectant-les-gestes-barrieres-cest-mieux\/","title":{"rendered":"Work better respecting barrier gestures!"},"content":{"rendered":"<p>As you know, from September 1st, wearing a mask will be obligatory in companies, especially in common areas (common offices, corridors, changing rooms, open spaces&#8230;). But don&#8217;t worry, at D\u00e9clic, even with masks on, we are operational to get your projects off the ground and boost your visibility!<\/p>\n<div class=\"o9v6fnle cxmmr5t8 oygrvhab hcukyx3x c1et5uql ii04i59q\">\n<div dir=\"auto\"><span class=\"q9uorilb tbxw36s4 knj5qynh kvgmc6g5 ditlmg2l oygrvhab nvdbi5me fgm26odu gl3lb2sf hhz5lgdu\"><img decoding=\"async\" src=\"https:\/\/static.xx.fbcdn.net\/images\/emoji.php\/v9\/t2a\/2\/16\/1f465.png\" alt=\"\ud83d\udc65\" width=\"16\" height=\"16\" \/><\/span> Advice<\/div>\n<div dir=\"auto\"><span class=\"q9uorilb tbxw36s4 knj5qynh kvgmc6g5 ditlmg2l oygrvhab nvdbi5me fgm26odu gl3lb2sf hhz5lgdu\"><img decoding=\"async\" src=\"https:\/\/static.xx.fbcdn.net\/images\/emoji.php\/v9\/ta4\/2\/16\/1f9e9.png\" alt=\"\ud83e\udde9\" width=\"16\" height=\"16\" \/><\/span> Strategy<\/div>\n<div dir=\"auto\"><span class=\"q9uorilb tbxw36s4 knj5qynh kvgmc6g5 ditlmg2l oygrvhab nvdbi5me fgm26odu gl3lb2sf hhz5lgdu\"><img decoding=\"async\" src=\"https:\/\/static.xx.fbcdn.net\/images\/emoji.php\/v9\/t4f\/2\/16\/1f3af.png\" alt=\"\ud83c\udfaf\" width=\"16\" height=\"16\" \/><\/span> Marketing<\/div>\n<div dir=\"auto\"><span class=\"q9uorilb tbxw36s4 knj5qynh kvgmc6g5 ditlmg2l oygrvhab nvdbi5me fgm26odu gl3lb2sf hhz5lgdu\"><img loading=\"lazy\" decoding=\"async\" src=\"https:\/\/static.xx.fbcdn.net\/images\/emoji.php\/v9\/t44\/2\/16\/1f939_200d_2640.png\" alt=\"\ud83e\udd39\u200d\u2640\ufe0f\" width=\"16\" height=\"16\" \/><\/span> Creativity<\/div>\n<div dir=\"auto\"><span class=\"q9uorilb tbxw36s4 knj5qynh kvgmc6g5 ditlmg2l oygrvhab nvdbi5me fgm26odu gl3lb2sf hhz5lgdu\"><img loading=\"lazy\" decoding=\"async\" src=\"https:\/\/static.xx.fbcdn.net\/images\/emoji.php\/v9\/td7\/2\/16\/1f46b.png\" alt=\"\ud83d\udc6b\" width=\"16\" height=\"16\" \/><\/span> Accompaniment<\/div>\n<\/div>\n<p>Our <strong>posters have been updated<\/strong> to explain the new barrier measures to be respected within our agency. <strong>If you would like to update your posters, <a href=\"http:\/\/declic-communication.com\">please contact us.<\/a><\/strong><\/p>\n<div id='gallery-1' class='gallery galleryid-22249 gallery-columns-3 gallery-size-medium'><figure class='gallery-item'>\n\t\t\t<div class='gallery-icon landscape'>\n\t\t\t\t<a href='https:\/\/www.declic-communication.fr\/wp-content\/uploads\/2020\/08\/affiche-mesure-barriere.jpg'><img loading=\"lazy\" decoding=\"async\" width=\"300\" height=\"229\" src=\"https:\/\/www.declic-communication.fr\/wp-content\/uploads\/2020\/08\/affiche-mesure-barriere-300x229.jpg\" class=\"attachment-medium size-medium\" alt=\"\" srcset=\"https:\/\/www.declic-communication.fr\/wp-content\/uploads\/2020\/08\/affiche-mesure-barriere-300x229.jpg 300w, https:\/\/www.declic-communication.fr\/wp-content\/uploads\/2020\/08\/affiche-mesure-barriere-768x585.jpg 768w, https:\/\/www.declic-communication.fr\/wp-content\/uploads\/2020\/08\/affiche-mesure-barriere.jpg 900w\" sizes=\"(max-width: 300px) 100vw, 300px\" \/><\/a>\n\t\t\t<\/div><\/figure><figure class='gallery-item'>\n\t\t\t<div class='gallery-icon landscape'>\n\t\t\t\t<a href='https:\/\/www.declic-communication.fr\/wp-content\/uploads\/2020\/08\/yann-masque-covid.jpg'><img loading=\"lazy\" decoding=\"async\" width=\"300\" height=\"225\" src=\"https:\/\/www.declic-communication.fr\/wp-content\/uploads\/2020\/08\/yann-masque-covid-300x225.jpg\" class=\"attachment-medium size-medium\" alt=\"\" srcset=\"https:\/\/www.declic-communication.fr\/wp-content\/uploads\/2020\/08\/yann-masque-covid-300x225.jpg 300w, https:\/\/www.declic-communication.fr\/wp-content\/uploads\/2020\/08\/yann-masque-covid-768x576.jpg 768w, https:\/\/www.declic-communication.fr\/wp-content\/uploads\/2020\/08\/yann-masque-covid.jpg 900w\" sizes=\"(max-width: 300px) 100vw, 300px\" \/><\/a>\n\t\t\t<\/div><\/figure><figure class='gallery-item'>\n\t\t\t<div class='gallery-icon landscape'>\n\t\t\t\t<a href='https:\/\/www.declic-communication.fr\/wp-content\/uploads\/2020\/08\/florence-masque-covid.jpg'><img loading=\"lazy\" decoding=\"async\" width=\"300\" height=\"234\" src=\"https:\/\/www.declic-communication.fr\/wp-content\/uploads\/2020\/08\/florence-masque-covid-300x234.jpg\" class=\"attachment-medium size-medium\" alt=\"\" srcset=\"https:\/\/www.declic-communication.fr\/wp-content\/uploads\/2020\/08\/florence-masque-covid-300x234.jpg 300w, https:\/\/www.declic-communication.fr\/wp-content\/uploads\/2020\/08\/florence-masque-covid-768x598.jpg 768w, https:\/\/www.declic-communication.fr\/wp-content\/uploads\/2020\/08\/florence-masque-covid.jpg 900w\" sizes=\"(max-width: 300px) 100vw, 300px\" \/><\/a>\n\t\t\t<\/div><\/figure><figure class='gallery-item'>\n\t\t\t<div class='gallery-icon landscape'>\n\t\t\t\t<a href='https:\/\/www.declic-communication.fr\/wp-content\/uploads\/2020\/08\/benoit-masque-covid.jpg'><img loading=\"lazy\" decoding=\"async\" width=\"300\" height=\"225\" src=\"https:\/\/www.declic-communication.fr\/wp-content\/uploads\/2020\/08\/benoit-masque-covid-300x225.jpg\" class=\"attachment-medium size-medium\" alt=\"\" srcset=\"https:\/\/www.declic-communication.fr\/wp-content\/uploads\/2020\/08\/benoit-masque-covid-300x225.jpg 300w, https:\/\/www.declic-communication.fr\/wp-content\/uploads\/2020\/08\/benoit-masque-covid-768x576.jpg 768w, https:\/\/www.declic-communication.fr\/wp-content\/uploads\/2020\/08\/benoit-masque-covid.jpg 900w\" sizes=\"(max-width: 300px) 100vw, 300px\" \/><\/a>\n\t\t\t<\/div><\/figure><figure class='gallery-item'>\n\t\t\t<div class='gallery-icon landscape'>\n\t\t\t\t<a href='https:\/\/www.declic-communication.fr\/wp-content\/uploads\/2020\/08\/118509414_338102373908711_2347093530211637372_n-scaled-1.jpg'><img loading=\"lazy\" decoding=\"async\" width=\"300\" height=\"225\" src=\"https:\/\/www.declic-communication.fr\/wp-content\/uploads\/2020\/08\/118509414_338102373908711_2347093530211637372_n-scaled-1-300x225.jpg\" class=\"attachment-medium size-medium\" alt=\"\" srcset=\"https:\/\/www.declic-communication.fr\/wp-content\/uploads\/2020\/08\/118509414_338102373908711_2347093530211637372_n-scaled-1-300x225.jpg 300w, https:\/\/www.declic-communication.fr\/wp-content\/uploads\/2020\/08\/118509414_338102373908711_2347093530211637372_n-scaled-1-1200x900.jpg 1200w, https:\/\/www.declic-communication.fr\/wp-content\/uploads\/2020\/08\/118509414_338102373908711_2347093530211637372_n-scaled-1-768x576.jpg 768w, https:\/\/www.declic-communication.fr\/wp-content\/uploads\/2020\/08\/118509414_338102373908711_2347093530211637372_n-scaled-1-1536x1152.jpg 1536w, https:\/\/www.declic-communication.fr\/wp-content\/uploads\/2020\/08\/118509414_338102373908711_2347093530211637372_n-scaled-1-2048x1536.jpg 2048w\" sizes=\"(max-width: 300px) 100vw, 300px\" \/><\/a>\n\t\t\t<\/div><\/figure><figure class='gallery-item'>\n\t\t\t<div class='gallery-icon landscape'>\n\t\t\t\t<a href='https:\/\/www.declic-communication.fr\/wp-content\/uploads\/2020\/08\/seb-masque-covid.jpg'><img loading=\"lazy\" decoding=\"async\" width=\"300\" height=\"225\" src=\"https:\/\/www.declic-communication.fr\/wp-content\/uploads\/2020\/08\/seb-masque-covid-300x225.jpg\" class=\"attachment-medium size-medium\" alt=\"\" srcset=\"https:\/\/www.declic-communication.fr\/wp-content\/uploads\/2020\/08\/seb-masque-covid-300x225.jpg 300w, https:\/\/www.declic-communication.fr\/wp-content\/uploads\/2020\/08\/seb-masque-covid-768x576.jpg 768w, https:\/\/www.declic-communication.fr\/wp-content\/uploads\/2020\/08\/seb-masque-covid.jpg 900w\" sizes=\"(max-width: 300px) 100vw, 300px\" \/><\/a>\n\t\t\t<\/div><\/figure>\n\t\t<\/div>\n\n","protected":false},"excerpt":{"rendered":"<p>As you know, from September 1st, wearing a mask will be obligatory in companies, especially in common areas (common offices, corridors, changing rooms, open spaces&#8230;). But don&#8217;t worry, at D\u00e9clic, even with masks on, we are operational to get your projects off the ground and boost your visibility! Advice Strategy Marketing Creativity Accompaniment Our posters [&hellip;]<\/p>\n","protected":false},"author":5,"featured_media":22226,"comment_status":"closed","ping_status":"closed","sticky":false,"template":"","format":"standard","meta":{"inline_featured_image":false,"footnotes":""},"categories":[30],"tags":[],"class_list":["post-22249","post","type-post","status-publish","format-standard","has-post-thumbnail","hentry","category-news"],"yoast_head":"<!-- This site is optimized with the Yoast SEO plugin v20.4 - https:\/\/yoast.com\/wordpress\/plugins\/seo\/ -->\n<title>Work better respecting barrier gestures! - D\u00e9clic Communication<\/title>\n<meta name=\"robots\" content=\"index, follow, max-snippet:-1, max-image-preview:large, max-video-preview:-1\" \/>\n<link rel=\"canonical\" href=\"https:\/\/www.declic-communication.fr\/en\/travailler-oui-mais-en-respectant-les-gestes-barrieres-cest-mieux\/\" \/>\n<meta property=\"og:locale\" content=\"en_US\" \/>\n<meta property=\"og:type\" content=\"article\" \/>\n<meta property=\"og:title\" content=\"Work better respecting barrier gestures! - D\u00e9clic Communication\" \/>\n<meta property=\"og:description\" content=\"As you know, from September 1st, wearing a mask will be obligatory in companies, especially in common areas (common offices, corridors, changing rooms, open spaces&#8230;). But don&#8217;t worry, at D\u00e9clic, even with masks on, we are operational to get your projects off the ground and boost your visibility! Advice Strategy Marketing Creativity Accompaniment Our posters [&hellip;]\" \/>\n<meta property=\"og:url\" content=\"https:\/\/www.declic-communication.fr\/en\/travailler-oui-mais-en-respectant-les-gestes-barrieres-cest-mieux\/\" \/>\n<meta property=\"og:site_name\" content=\"D\u00e9clic Communication\" \/>\n<meta property=\"article:published_time\" content=\"2020-08-28T07:48:39+00:00\" \/>\n<meta property=\"article:modified_time\" content=\"2022-01-07T12:23:29+00:00\" \/>\n<meta property=\"og:image\" content=\"https:\/\/www.declic-communication.fr\/wp-content\/uploads\/2020\/08\/declic-mesure-covid.jpg\" \/>\n\t<meta property=\"og:image:width\" content=\"900\" \/>\n\t<meta property=\"og:image:height\" content=\"600\" \/>\n\t<meta property=\"og:image:type\" content=\"image\/jpeg\" \/>\n<meta name=\"author\" content=\"Lise BRAUN\" \/>\n<meta name=\"twitter:card\" content=\"summary_large_image\" \/>\n<meta name=\"twitter:label1\" content=\"Written by\" \/>\n\t<meta name=\"twitter:data1\" content=\"Lise BRAUN\" \/>\n\t<meta name=\"twitter:label2\" content=\"Est. reading time\" \/>\n\t<meta name=\"twitter:data2\" content=\"2 minutes\" \/>\n<script type=\"application\/ld+json\" class=\"yoast-schema-graph\">{\"@context\":\"https:\/\/schema.org\",\"@graph\":[{\"@type\":\"Article\",\"@id\":\"https:\/\/www.declic-communication.fr\/en\/travailler-oui-mais-en-respectant-les-gestes-barrieres-cest-mieux\/#article\",\"isPartOf\":{\"@id\":\"https:\/\/www.declic-communication.fr\/en\/travailler-oui-mais-en-respectant-les-gestes-barrieres-cest-mieux\/\"},\"author\":{\"name\":\"Lise BRAUN\",\"@id\":\"https:\/\/www.declic-communication.fr\/en\/#\/schema\/person\/c2bd6861d770a7ec06e53fbfab6d53ff\"},\"headline\":\"Work better respecting barrier gestures!\",\"datePublished\":\"2020-08-28T07:48:39+00:00\",\"dateModified\":\"2022-01-07T12:23:29+00:00\",\"mainEntityOfPage\":{\"@id\":\"https:\/\/www.declic-communication.fr\/en\/travailler-oui-mais-en-respectant-les-gestes-barrieres-cest-mieux\/\"},\"wordCount\":93,\"publisher\":{\"@id\":\"https:\/\/www.declic-communication.fr\/en\/#organization\"},\"articleSection\":[\"News\"],\"inLanguage\":\"en-US\"},{\"@type\":\"WebPage\",\"@id\":\"https:\/\/www.declic-communication.fr\/en\/travailler-oui-mais-en-respectant-les-gestes-barrieres-cest-mieux\/\",\"url\":\"https:\/\/www.declic-communication.fr\/en\/travailler-oui-mais-en-respectant-les-gestes-barrieres-cest-mieux\/\",\"name\":\"Work better respecting barrier gestures! - D\u00e9clic Communication\",\"isPartOf\":{\"@id\":\"https:\/\/www.declic-communication.fr\/en\/#website\"},\"datePublished\":\"2020-08-28T07:48:39+00:00\",\"dateModified\":\"2022-01-07T12:23:29+00:00\",\"breadcrumb\":{\"@id\":\"https:\/\/www.declic-communication.fr\/en\/travailler-oui-mais-en-respectant-les-gestes-barrieres-cest-mieux\/#breadcrumb\"},\"inLanguage\":\"en-US\",\"potentialAction\":[{\"@type\":\"ReadAction\",\"target\":[\"https:\/\/www.declic-communication.fr\/en\/travailler-oui-mais-en-respectant-les-gestes-barrieres-cest-mieux\/\"]}]},{\"@type\":\"BreadcrumbList\",\"@id\":\"https:\/\/www.declic-communication.fr\/en\/travailler-oui-mais-en-respectant-les-gestes-barrieres-cest-mieux\/#breadcrumb\",\"itemListElement\":[{\"@type\":\"ListItem\",\"position\":1,\"name\":\"Accueil\",\"item\":\"https:\/\/www.declic-communication.fr\/en\/?page_id=37043\"},{\"@type\":\"ListItem\",\"position\":2,\"name\":\"Work better respecting barrier gestures!\"}]},{\"@type\":\"WebSite\",\"@id\":\"https:\/\/www.declic-communication.fr\/en\/#website\",\"url\":\"https:\/\/www.declic-communication.fr\/en\/\",\"name\":\"D\u00e9clic Communication\",\"description\":\"Agence conseil en communication et publicit\u00e9 \u00e0 Saint-Avold en Moselle\",\"publisher\":{\"@id\":\"https:\/\/www.declic-communication.fr\/en\/#organization\"},\"potentialAction\":[{\"@type\":\"SearchAction\",\"target\":{\"@type\":\"EntryPoint\",\"urlTemplate\":\"https:\/\/www.declic-communication.fr\/en\/?s={search_term_string}\"},\"query-input\":\"required name=search_term_string\"}],\"inLanguage\":\"en-US\"},{\"@type\":\"Organization\",\"@id\":\"https:\/\/www.declic-communication.fr\/en\/#organization\",\"name\":\"D\u00e9clic Communication\",\"url\":\"https:\/\/www.declic-communication.fr\/en\/\",\"logo\":{\"@type\":\"ImageObject\",\"inLanguage\":\"en-US\",\"@id\":\"https:\/\/www.declic-communication.fr\/en\/#\/schema\/logo\/image\/\",\"url\":\"https:\/\/www.declic-communication.fr\/wp-content\/uploads\/2023\/10\/logo-declic-communication.svg\",\"contentUrl\":\"https:\/\/www.declic-communication.fr\/wp-content\/uploads\/2023\/10\/logo-declic-communication.svg\",\"width\":600,\"height\":250,\"caption\":\"D\u00e9clic Communication\"},\"image\":{\"@id\":\"https:\/\/www.declic-communication.fr\/en\/#\/schema\/logo\/image\/\"}},{\"@type\":\"Person\",\"@id\":\"https:\/\/www.declic-communication.fr\/en\/#\/schema\/person\/c2bd6861d770a7ec06e53fbfab6d53ff\",\"name\":\"Lise BRAUN\",\"url\":\"https:\/\/www.declic-communication.fr\/en\/\"}]}<\/script>\n<!-- \/ Yoast SEO plugin. -->","yoast_head_json":{"title":"Work better respecting barrier gestures! - D\u00e9clic Communication","robots":{"index":"index","follow":"follow","max-snippet":"max-snippet:-1","max-image-preview":"max-image-preview:large","max-video-preview":"max-video-preview:-1"},"canonical":"https:\/\/www.declic-communication.fr\/en\/travailler-oui-mais-en-respectant-les-gestes-barrieres-cest-mieux\/","og_locale":"en_US","og_type":"article","og_title":"Work better respecting barrier gestures! - D\u00e9clic Communication","og_description":"As you know, from September 1st, wearing a mask will be obligatory in companies, especially in common areas (common offices, corridors, changing rooms, open spaces&#8230;). But don&#8217;t worry, at D\u00e9clic, even with masks on, we are operational to get your projects off the ground and boost your visibility! Advice Strategy Marketing Creativity Accompaniment Our posters [&hellip;]","og_url":"https:\/\/www.declic-communication.fr\/en\/travailler-oui-mais-en-respectant-les-gestes-barrieres-cest-mieux\/","og_site_name":"D\u00e9clic Communication","article_published_time":"2020-08-28T07:48:39+00:00","article_modified_time":"2022-01-07T12:23:29+00:00","og_image":[{"width":900,"height":600,"url":"https:\/\/www.declic-communication.fr\/wp-content\/uploads\/2020\/08\/declic-mesure-covid.jpg","type":"image\/jpeg"}],"author":"Lise BRAUN","twitter_card":"summary_large_image","twitter_misc":{"Written by":"Lise BRAUN","Est. reading time":"2 minutes"},"schema":{"@context":"https:\/\/schema.org","@graph":[{"@type":"Article","@id":"https:\/\/www.declic-communication.fr\/en\/travailler-oui-mais-en-respectant-les-gestes-barrieres-cest-mieux\/#article","isPartOf":{"@id":"https:\/\/www.declic-communication.fr\/en\/travailler-oui-mais-en-respectant-les-gestes-barrieres-cest-mieux\/"},"author":{"name":"Lise BRAUN","@id":"https:\/\/www.declic-communication.fr\/en\/#\/schema\/person\/c2bd6861d770a7ec06e53fbfab6d53ff"},"headline":"Work better respecting barrier gestures!","datePublished":"2020-08-28T07:48:39+00:00","dateModified":"2022-01-07T12:23:29+00:00","mainEntityOfPage":{"@id":"https:\/\/www.declic-communication.fr\/en\/travailler-oui-mais-en-respectant-les-gestes-barrieres-cest-mieux\/"},"wordCount":93,"publisher":{"@id":"https:\/\/www.declic-communication.fr\/en\/#organization"},"articleSection":["News"],"inLanguage":"en-US"},{"@type":"WebPage","@id":"https:\/\/www.declic-communication.fr\/en\/travailler-oui-mais-en-respectant-les-gestes-barrieres-cest-mieux\/","url":"https:\/\/www.declic-communication.fr\/en\/travailler-oui-mais-en-respectant-les-gestes-barrieres-cest-mieux\/","name":"Work better respecting barrier gestures! - D\u00e9clic Communication","isPartOf":{"@id":"https:\/\/www.declic-communication.fr\/en\/#website"},"datePublished":"2020-08-28T07:48:39+00:00","dateModified":"2022-01-07T12:23:29+00:00","breadcrumb":{"@id":"https:\/\/www.declic-communication.fr\/en\/travailler-oui-mais-en-respectant-les-gestes-barrieres-cest-mieux\/#breadcrumb"},"inLanguage":"en-US","potentialAction":[{"@type":"ReadAction","target":["https:\/\/www.declic-communication.fr\/en\/travailler-oui-mais-en-respectant-les-gestes-barrieres-cest-mieux\/"]}]},{"@type":"BreadcrumbList","@id":"https:\/\/www.declic-communication.fr\/en\/travailler-oui-mais-en-respectant-les-gestes-barrieres-cest-mieux\/#breadcrumb","itemListElement":[{"@type":"ListItem","position":1,"name":"Accueil","item":"https:\/\/www.declic-communication.fr\/en\/?page_id=37043"},{"@type":"ListItem","position":2,"name":"Work better respecting barrier gestures!"}]},{"@type":"WebSite","@id":"https:\/\/www.declic-communication.fr\/en\/#website","url":"https:\/\/www.declic-communication.fr\/en\/","name":"D\u00e9clic Communication","description":"Agence conseil en communication et publicit\u00e9 \u00e0 Saint-Avold en Moselle","publisher":{"@id":"https:\/\/www.declic-communication.fr\/en\/#organization"},"potentialAction":[{"@type":"SearchAction","target":{"@type":"EntryPoint","urlTemplate":"https:\/\/www.declic-communication.fr\/en\/?s={search_term_string}"},"query-input":"required name=search_term_string"}],"inLanguage":"en-US"},{"@type":"Organization","@id":"https:\/\/www.declic-communication.fr\/en\/#organization","name":"D\u00e9clic Communication","url":"https:\/\/www.declic-communication.fr\/en\/","logo":{"@type":"ImageObject","inLanguage":"en-US","@id":"https:\/\/www.declic-communication.fr\/en\/#\/schema\/logo\/image\/","url":"https:\/\/www.declic-communication.fr\/wp-content\/uploads\/2023\/10\/logo-declic-communication.svg","contentUrl":"https:\/\/www.declic-communication.fr\/wp-content\/uploads\/2023\/10\/logo-declic-communication.svg","width":600,"height":250,"caption":"D\u00e9clic Communication"},"image":{"@id":"https:\/\/www.declic-communication.fr\/en\/#\/schema\/logo\/image\/"}},{"@type":"Person","@id":"https:\/\/www.declic-communication.fr\/en\/#\/schema\/person\/c2bd6861d770a7ec06e53fbfab6d53ff","name":"Lise BRAUN","url":"https:\/\/www.declic-communication.fr\/en\/"}]}},"_links":{"self":[{"href":"https:\/\/www.declic-communication.fr\/en\/wp-json\/wp\/v2\/posts\/22249","targetHints":{"allow":["GET"]}}],"collection":[{"href":"https:\/\/www.declic-communication.fr\/en\/wp-json\/wp\/v2\/posts"}],"about":[{"href":"https:\/\/www.declic-communication.fr\/en\/wp-json\/wp\/v2\/types\/post"}],"author":[{"embeddable":true,"href":"https:\/\/www.declic-communication.fr\/en\/wp-json\/wp\/v2\/users\/5"}],"replies":[{"embeddable":true,"href":"https:\/\/www.declic-communication.fr\/en\/wp-json\/wp\/v2\/comments?post=22249"}],"version-history":[{"count":0,"href":"https:\/\/www.declic-communication.fr\/en\/wp-json\/wp\/v2\/posts\/22249\/revisions"}],"wp:featuredmedia":[{"embeddable":true,"href":"https:\/\/www.declic-communication.fr\/en\/wp-json\/wp\/v2\/media\/22226"}],"wp:attachment":[{"href":"https:\/\/www.declic-communication.fr\/en\/wp-json\/wp\/v2\/media?parent=22249"}],"wp:term":[{"taxonomy":"category","embeddable":true,"href":"https:\/\/www.declic-communication.fr\/en\/wp-json\/wp\/v2\/categories?post=22249"},{"taxonomy":"post_tag","embeddable":true,"href":"https:\/\/www.declic-communication.fr\/en\/wp-json\/wp\/v2\/tags?post=22249"}],"curies":[{"name":"wp","href":"https:\/\/api.w.org\/{rel}","templated":true}]}}