{"id":22379,"date":"2020-09-02T10:29:13","date_gmt":"2020-09-02T09:29:13","guid":{"rendered":"https:\/\/www.declic-communication.com\/les-enfants-de-liem-racontent-en-bd-deux-belles-bd-imaginees-par-les-enfants-handicapes\/"},"modified":"2022-01-06T10:57:58","modified_gmt":"2022-01-06T09:57:58","slug":"les-enfants-de-liem-racontent-en-bd-deux-belles-bd-imaginees-par-les-enfants-handicapes","status":"publish","type":"post","link":"https:\/\/www.declic-communication.fr\/en\/les-enfants-de-liem-racontent-en-bd-deux-belles-bd-imaginees-par-les-enfants-handicapes\/","title":{"rendered":"\u00ab Les enfants de l\u2019IEM racontent en BD\u2026 \u00bb, two beautiful comics imagined by disabled children"},"content":{"rendered":"<div class=\"kvgmc6g5 cxmmr5t8 oygrvhab hcukyx3x c1et5uql ii04i59q\">\n<div dir=\"auto\">\n<p>Today our team is proud to share with you a project that is particularly close to our hearts: <strong>&#8220;The children of the IEM tell their stories in comics&#8221;<\/strong>. Our agency has been contacted by the Institute for Motor Skills (IEM) of Saint-Avold to join two comic strips to make a magnificent book. <strong>These two comics were produced by disabled children<\/strong> in the context of the Angoul\u00eame Comic Book Festival. They received the Seahorse prize respectively in 2011 and 2019. The book contains the full text of the two comics, explanations of the exceptional work done by the children and details of their trip to Angouleme with their companions.<\/p>\n<p>Our <strong>graphic design experts<\/strong> have laid out the entire book so that you can discover these beautiful comics <strong>which have been digitised for the occasion<\/strong>. Discover &#8220;<strong>La machine en folie<\/strong>&#8221; and &#8220;<strong>Le v\u00e9lo rouge<\/strong>&#8220;, beautiful stories imagined by the children of the IEM.<\/p>\n<p>If you would like to buy or find out more about this meaningful comic book or to do some good deed, get closer to the IEM de Saint-Avold located in Huchet.<\/p>\n<\/div>\n<\/div>\n<div dir=\"auto\"><\/div>\n<div dir=\"auto\">\n<div id='gallery-1' class='gallery galleryid-22379 gallery-columns-3 gallery-size-medium'><figure class='gallery-item'>\n\t\t\t<div class='gallery-icon landscape'>\n\t\t\t\t<a href='https:\/\/www.declic-communication.fr\/wp-content\/uploads\/2020\/09\/bd-iem-couverture.jpg'><img fetchpriority=\"high\" decoding=\"async\" width=\"300\" height=\"178\" src=\"https:\/\/www.declic-communication.fr\/wp-content\/uploads\/2020\/09\/bd-iem-couverture-300x178.jpg\" class=\"attachment-medium size-medium\" alt=\"BD iem d\u00e9clic\" srcset=\"https:\/\/www.declic-communication.fr\/wp-content\/uploads\/2020\/09\/bd-iem-couverture-300x178.jpg 300w, https:\/\/www.declic-communication.fr\/wp-content\/uploads\/2020\/09\/bd-iem-couverture.jpg 1000w\" sizes=\"(max-width: 300px) 100vw, 300px\" \/><\/a>\n\t\t\t<\/div><\/figure><figure class='gallery-item'>\n\t\t\t<div class='gallery-icon landscape'>\n\t\t\t\t<a href='https:\/\/www.declic-communication.fr\/wp-content\/uploads\/2020\/09\/BD-IEM-interieure.jpg'><img decoding=\"async\" width=\"300\" height=\"161\" src=\"https:\/\/www.declic-communication.fr\/wp-content\/uploads\/2020\/09\/BD-IEM-interieure-300x161.jpg\" class=\"attachment-medium size-medium\" alt=\"BD iem d\u00e9clic\" srcset=\"https:\/\/www.declic-communication.fr\/wp-content\/uploads\/2020\/09\/BD-IEM-interieure-300x161.jpg 300w, https:\/\/www.declic-communication.fr\/wp-content\/uploads\/2020\/09\/BD-IEM-interieure-768x413.jpg 768w, https:\/\/www.declic-communication.fr\/wp-content\/uploads\/2020\/09\/BD-IEM-interieure.jpg 1000w\" sizes=\"(max-width: 300px) 100vw, 300px\" \/><\/a>\n\t\t\t<\/div><\/figure><figure class='gallery-item'>\n\t\t\t<div class='gallery-icon landscape'>\n\t\t\t\t<a href='https:\/\/www.declic-communication.fr\/wp-content\/uploads\/2020\/09\/arriere-couverture-BD-IEM.jpg'><img decoding=\"async\" width=\"300\" height=\"211\" src=\"https:\/\/www.declic-communication.fr\/wp-content\/uploads\/2020\/09\/arriere-couverture-BD-IEM-300x211.jpg\" class=\"attachment-medium size-medium\" alt=\"\" srcset=\"https:\/\/www.declic-communication.fr\/wp-content\/uploads\/2020\/09\/arriere-couverture-BD-IEM-300x211.jpg 300w, https:\/\/www.declic-communication.fr\/wp-content\/uploads\/2020\/09\/arriere-couverture-BD-IEM-768x541.jpg 768w, https:\/\/www.declic-communication.fr\/wp-content\/uploads\/2020\/09\/arriere-couverture-BD-IEM.jpg 900w\" sizes=\"(max-width: 300px) 100vw, 300px\" \/><\/a>\n\t\t\t<\/div><\/figure>\n\t\t<\/div>\n\n<\/div>\n","protected":false},"excerpt":{"rendered":"<p>Today our team is proud to share with you a project that is particularly close to our hearts: &#8220;The children of the IEM tell their stories in comics&#8221;. Our agency has been contacted by the Institute for Motor Skills (IEM) of Saint-Avold to join two comic strips to make a magnificent book. These two comics [&hellip;]<\/p>\n","protected":false},"author":5,"featured_media":22264,"comment_status":"closed","ping_status":"closed","sticky":false,"template":"","format":"standard","meta":{"inline_featured_image":false,"footnotes":""},"categories":[30],"tags":[],"class_list":["post-22379","post","type-post","status-publish","format-standard","has-post-thumbnail","hentry","category-news"],"yoast_head":"<!-- This site is optimized with the Yoast SEO plugin v20.4 - https:\/\/yoast.com\/wordpress\/plugins\/seo\/ -->\n<title>\u00ab Les enfants de l\u2019IEM racontent en BD\u2026 \u00bb, two beautiful comics imagined by disabled children - D\u00e9clic Communication<\/title>\n<meta name=\"robots\" content=\"index, follow, max-snippet:-1, max-image-preview:large, max-video-preview:-1\" \/>\n<link rel=\"canonical\" href=\"https:\/\/www.declic-communication.fr\/en\/les-enfants-de-liem-racontent-en-bd-deux-belles-bd-imaginees-par-les-enfants-handicapes\/\" \/>\n<meta property=\"og:locale\" content=\"en_US\" \/>\n<meta property=\"og:type\" content=\"article\" \/>\n<meta property=\"og:title\" content=\"\u00ab Les enfants de l\u2019IEM racontent en BD\u2026 \u00bb, two beautiful comics imagined by disabled children - D\u00e9clic Communication\" \/>\n<meta property=\"og:description\" content=\"Today our team is proud to share with you a project that is particularly close to our hearts: &#8220;The children of the IEM tell their stories in comics&#8221;. Our agency has been contacted by the Institute for Motor Skills (IEM) of Saint-Avold to join two comic strips to make a magnificent book. These two comics [&hellip;]\" \/>\n<meta property=\"og:url\" content=\"https:\/\/www.declic-communication.fr\/en\/les-enfants-de-liem-racontent-en-bd-deux-belles-bd-imaginees-par-les-enfants-handicapes\/\" \/>\n<meta property=\"og:site_name\" content=\"D\u00e9clic Communication\" \/>\n<meta property=\"article:published_time\" content=\"2020-09-02T09:29:13+00:00\" \/>\n<meta property=\"article:modified_time\" content=\"2022-01-06T09:57:58+00:00\" \/>\n<meta property=\"og:image\" content=\"https:\/\/www.declic-communication.fr\/wp-content\/uploads\/2020\/09\/couverture-BD-IEM.jpg\" \/>\n\t<meta property=\"og:image:width\" content=\"900\" \/>\n\t<meta property=\"og:image:height\" content=\"637\" \/>\n\t<meta property=\"og:image:type\" content=\"image\/jpeg\" \/>\n<meta name=\"author\" content=\"Lise BRAUN\" \/>\n<meta name=\"twitter:card\" content=\"summary_large_image\" \/>\n<meta name=\"twitter:label1\" content=\"Written by\" \/>\n\t<meta name=\"twitter:data1\" content=\"Lise BRAUN\" \/>\n\t<meta name=\"twitter:label2\" content=\"Est. reading time\" \/>\n\t<meta name=\"twitter:data2\" content=\"1 minute\" \/>\n<script type=\"application\/ld+json\" class=\"yoast-schema-graph\">{\"@context\":\"https:\/\/schema.org\",\"@graph\":[{\"@type\":\"Article\",\"@id\":\"https:\/\/www.declic-communication.fr\/en\/les-enfants-de-liem-racontent-en-bd-deux-belles-bd-imaginees-par-les-enfants-handicapes\/#article\",\"isPartOf\":{\"@id\":\"https:\/\/www.declic-communication.fr\/en\/les-enfants-de-liem-racontent-en-bd-deux-belles-bd-imaginees-par-les-enfants-handicapes\/\"},\"author\":{\"name\":\"Lise BRAUN\",\"@id\":\"https:\/\/www.declic-communication.fr\/en\/#\/schema\/person\/c2bd6861d770a7ec06e53fbfab6d53ff\"},\"headline\":\"\u00ab Les enfants de l\u2019IEM racontent en BD\u2026 \u00bb, two beautiful comics imagined by disabled children\",\"datePublished\":\"2020-09-02T09:29:13+00:00\",\"dateModified\":\"2022-01-06T09:57:58+00:00\",\"mainEntityOfPage\":{\"@id\":\"https:\/\/www.declic-communication.fr\/en\/les-enfants-de-liem-racontent-en-bd-deux-belles-bd-imaginees-par-les-enfants-handicapes\/\"},\"wordCount\":203,\"publisher\":{\"@id\":\"https:\/\/www.declic-communication.fr\/en\/#organization\"},\"articleSection\":[\"News\"],\"inLanguage\":\"en-US\"},{\"@type\":\"WebPage\",\"@id\":\"https:\/\/www.declic-communication.fr\/en\/les-enfants-de-liem-racontent-en-bd-deux-belles-bd-imaginees-par-les-enfants-handicapes\/\",\"url\":\"https:\/\/www.declic-communication.fr\/en\/les-enfants-de-liem-racontent-en-bd-deux-belles-bd-imaginees-par-les-enfants-handicapes\/\",\"name\":\"\u00ab Les enfants de l\u2019IEM racontent en BD\u2026 \u00bb, two beautiful comics imagined by disabled children - D\u00e9clic Communication\",\"isPartOf\":{\"@id\":\"https:\/\/www.declic-communication.fr\/en\/#website\"},\"datePublished\":\"2020-09-02T09:29:13+00:00\",\"dateModified\":\"2022-01-06T09:57:58+00:00\",\"breadcrumb\":{\"@id\":\"https:\/\/www.declic-communication.fr\/en\/les-enfants-de-liem-racontent-en-bd-deux-belles-bd-imaginees-par-les-enfants-handicapes\/#breadcrumb\"},\"inLanguage\":\"en-US\",\"potentialAction\":[{\"@type\":\"ReadAction\",\"target\":[\"https:\/\/www.declic-communication.fr\/en\/les-enfants-de-liem-racontent-en-bd-deux-belles-bd-imaginees-par-les-enfants-handicapes\/\"]}]},{\"@type\":\"BreadcrumbList\",\"@id\":\"https:\/\/www.declic-communication.fr\/en\/les-enfants-de-liem-racontent-en-bd-deux-belles-bd-imaginees-par-les-enfants-handicapes\/#breadcrumb\",\"itemListElement\":[{\"@type\":\"ListItem\",\"position\":1,\"name\":\"Accueil\",\"item\":\"https:\/\/www.declic-communication.fr\/en\/?page_id=37043\"},{\"@type\":\"ListItem\",\"position\":2,\"name\":\"\u00ab Les enfants de l\u2019IEM racontent en BD\u2026 \u00bb, two beautiful comics imagined by disabled children\"}]},{\"@type\":\"WebSite\",\"@id\":\"https:\/\/www.declic-communication.fr\/en\/#website\",\"url\":\"https:\/\/www.declic-communication.fr\/en\/\",\"name\":\"D\u00e9clic Communication\",\"description\":\"Agence conseil en communication et publicit\u00e9 \u00e0 Saint-Avold en Moselle\",\"publisher\":{\"@id\":\"https:\/\/www.declic-communication.fr\/en\/#organization\"},\"potentialAction\":[{\"@type\":\"SearchAction\",\"target\":{\"@type\":\"EntryPoint\",\"urlTemplate\":\"https:\/\/www.declic-communication.fr\/en\/?s={search_term_string}\"},\"query-input\":\"required name=search_term_string\"}],\"inLanguage\":\"en-US\"},{\"@type\":\"Organization\",\"@id\":\"https:\/\/www.declic-communication.fr\/en\/#organization\",\"name\":\"D\u00e9clic Communication\",\"url\":\"https:\/\/www.declic-communication.fr\/en\/\",\"logo\":{\"@type\":\"ImageObject\",\"inLanguage\":\"en-US\",\"@id\":\"https:\/\/www.declic-communication.fr\/en\/#\/schema\/logo\/image\/\",\"url\":\"https:\/\/www.declic-communication.fr\/wp-content\/uploads\/2023\/10\/logo-declic-communication.svg\",\"contentUrl\":\"https:\/\/www.declic-communication.fr\/wp-content\/uploads\/2023\/10\/logo-declic-communication.svg\",\"width\":600,\"height\":250,\"caption\":\"D\u00e9clic Communication\"},\"image\":{\"@id\":\"https:\/\/www.declic-communication.fr\/en\/#\/schema\/logo\/image\/\"}},{\"@type\":\"Person\",\"@id\":\"https:\/\/www.declic-communication.fr\/en\/#\/schema\/person\/c2bd6861d770a7ec06e53fbfab6d53ff\",\"name\":\"Lise BRAUN\",\"url\":\"https:\/\/www.declic-communication.fr\/en\/\"}]}<\/script>\n<!-- \/ Yoast SEO plugin. -->","yoast_head_json":{"title":"\u00ab Les enfants de l\u2019IEM racontent en BD\u2026 \u00bb, two beautiful comics imagined by disabled children - D\u00e9clic Communication","robots":{"index":"index","follow":"follow","max-snippet":"max-snippet:-1","max-image-preview":"max-image-preview:large","max-video-preview":"max-video-preview:-1"},"canonical":"https:\/\/www.declic-communication.fr\/en\/les-enfants-de-liem-racontent-en-bd-deux-belles-bd-imaginees-par-les-enfants-handicapes\/","og_locale":"en_US","og_type":"article","og_title":"\u00ab Les enfants de l\u2019IEM racontent en BD\u2026 \u00bb, two beautiful comics imagined by disabled children - D\u00e9clic Communication","og_description":"Today our team is proud to share with you a project that is particularly close to our hearts: &#8220;The children of the IEM tell their stories in comics&#8221;. Our agency has been contacted by the Institute for Motor Skills (IEM) of Saint-Avold to join two comic strips to make a magnificent book. These two comics [&hellip;]","og_url":"https:\/\/www.declic-communication.fr\/en\/les-enfants-de-liem-racontent-en-bd-deux-belles-bd-imaginees-par-les-enfants-handicapes\/","og_site_name":"D\u00e9clic Communication","article_published_time":"2020-09-02T09:29:13+00:00","article_modified_time":"2022-01-06T09:57:58+00:00","og_image":[{"width":900,"height":637,"url":"https:\/\/www.declic-communication.fr\/wp-content\/uploads\/2020\/09\/couverture-BD-IEM.jpg","type":"image\/jpeg"}],"author":"Lise BRAUN","twitter_card":"summary_large_image","twitter_misc":{"Written by":"Lise BRAUN","Est. reading time":"1 minute"},"schema":{"@context":"https:\/\/schema.org","@graph":[{"@type":"Article","@id":"https:\/\/www.declic-communication.fr\/en\/les-enfants-de-liem-racontent-en-bd-deux-belles-bd-imaginees-par-les-enfants-handicapes\/#article","isPartOf":{"@id":"https:\/\/www.declic-communication.fr\/en\/les-enfants-de-liem-racontent-en-bd-deux-belles-bd-imaginees-par-les-enfants-handicapes\/"},"author":{"name":"Lise BRAUN","@id":"https:\/\/www.declic-communication.fr\/en\/#\/schema\/person\/c2bd6861d770a7ec06e53fbfab6d53ff"},"headline":"\u00ab Les enfants de l\u2019IEM racontent en BD\u2026 \u00bb, two beautiful comics imagined by disabled children","datePublished":"2020-09-02T09:29:13+00:00","dateModified":"2022-01-06T09:57:58+00:00","mainEntityOfPage":{"@id":"https:\/\/www.declic-communication.fr\/en\/les-enfants-de-liem-racontent-en-bd-deux-belles-bd-imaginees-par-les-enfants-handicapes\/"},"wordCount":203,"publisher":{"@id":"https:\/\/www.declic-communication.fr\/en\/#organization"},"articleSection":["News"],"inLanguage":"en-US"},{"@type":"WebPage","@id":"https:\/\/www.declic-communication.fr\/en\/les-enfants-de-liem-racontent-en-bd-deux-belles-bd-imaginees-par-les-enfants-handicapes\/","url":"https:\/\/www.declic-communication.fr\/en\/les-enfants-de-liem-racontent-en-bd-deux-belles-bd-imaginees-par-les-enfants-handicapes\/","name":"\u00ab Les enfants de l\u2019IEM racontent en BD\u2026 \u00bb, two beautiful comics imagined by disabled children - D\u00e9clic Communication","isPartOf":{"@id":"https:\/\/www.declic-communication.fr\/en\/#website"},"datePublished":"2020-09-02T09:29:13+00:00","dateModified":"2022-01-06T09:57:58+00:00","breadcrumb":{"@id":"https:\/\/www.declic-communication.fr\/en\/les-enfants-de-liem-racontent-en-bd-deux-belles-bd-imaginees-par-les-enfants-handicapes\/#breadcrumb"},"inLanguage":"en-US","potentialAction":[{"@type":"ReadAction","target":["https:\/\/www.declic-communication.fr\/en\/les-enfants-de-liem-racontent-en-bd-deux-belles-bd-imaginees-par-les-enfants-handicapes\/"]}]},{"@type":"BreadcrumbList","@id":"https:\/\/www.declic-communication.fr\/en\/les-enfants-de-liem-racontent-en-bd-deux-belles-bd-imaginees-par-les-enfants-handicapes\/#breadcrumb","itemListElement":[{"@type":"ListItem","position":1,"name":"Accueil","item":"https:\/\/www.declic-communication.fr\/en\/?page_id=37043"},{"@type":"ListItem","position":2,"name":"\u00ab Les enfants de l\u2019IEM racontent en BD\u2026 \u00bb, two beautiful comics imagined by disabled children"}]},{"@type":"WebSite","@id":"https:\/\/www.declic-communication.fr\/en\/#website","url":"https:\/\/www.declic-communication.fr\/en\/","name":"D\u00e9clic Communication","description":"Agence conseil en communication et publicit\u00e9 \u00e0 Saint-Avold en Moselle","publisher":{"@id":"https:\/\/www.declic-communication.fr\/en\/#organization"},"potentialAction":[{"@type":"SearchAction","target":{"@type":"EntryPoint","urlTemplate":"https:\/\/www.declic-communication.fr\/en\/?s={search_term_string}"},"query-input":"required name=search_term_string"}],"inLanguage":"en-US"},{"@type":"Organization","@id":"https:\/\/www.declic-communication.fr\/en\/#organization","name":"D\u00e9clic Communication","url":"https:\/\/www.declic-communication.fr\/en\/","logo":{"@type":"ImageObject","inLanguage":"en-US","@id":"https:\/\/www.declic-communication.fr\/en\/#\/schema\/logo\/image\/","url":"https:\/\/www.declic-communication.fr\/wp-content\/uploads\/2023\/10\/logo-declic-communication.svg","contentUrl":"https:\/\/www.declic-communication.fr\/wp-content\/uploads\/2023\/10\/logo-declic-communication.svg","width":600,"height":250,"caption":"D\u00e9clic Communication"},"image":{"@id":"https:\/\/www.declic-communication.fr\/en\/#\/schema\/logo\/image\/"}},{"@type":"Person","@id":"https:\/\/www.declic-communication.fr\/en\/#\/schema\/person\/c2bd6861d770a7ec06e53fbfab6d53ff","name":"Lise BRAUN","url":"https:\/\/www.declic-communication.fr\/en\/"}]}},"_links":{"self":[{"href":"https:\/\/www.declic-communication.fr\/en\/wp-json\/wp\/v2\/posts\/22379","targetHints":{"allow":["GET"]}}],"collection":[{"href":"https:\/\/www.declic-communication.fr\/en\/wp-json\/wp\/v2\/posts"}],"about":[{"href":"https:\/\/www.declic-communication.fr\/en\/wp-json\/wp\/v2\/types\/post"}],"author":[{"embeddable":true,"href":"https:\/\/www.declic-communication.fr\/en\/wp-json\/wp\/v2\/users\/5"}],"replies":[{"embeddable":true,"href":"https:\/\/www.declic-communication.fr\/en\/wp-json\/wp\/v2\/comments?post=22379"}],"version-history":[{"count":0,"href":"https:\/\/www.declic-communication.fr\/en\/wp-json\/wp\/v2\/posts\/22379\/revisions"}],"wp:featuredmedia":[{"embeddable":true,"href":"https:\/\/www.declic-communication.fr\/en\/wp-json\/wp\/v2\/media\/22264"}],"wp:attachment":[{"href":"https:\/\/www.declic-communication.fr\/en\/wp-json\/wp\/v2\/media?parent=22379"}],"wp:term":[{"taxonomy":"category","embeddable":true,"href":"https:\/\/www.declic-communication.fr\/en\/wp-json\/wp\/v2\/categories?post=22379"},{"taxonomy":"post_tag","embeddable":true,"href":"https:\/\/www.declic-communication.fr\/en\/wp-json\/wp\/v2\/tags?post=22379"}],"curies":[{"name":"wp","href":"https:\/\/api.w.org\/{rel}","templated":true}]}}