{"id":29515,"date":"2022-01-28T11:32:11","date_gmt":"2022-01-28T10:32:11","guid":{"rendered":"https:\/\/www.declic-communication.fr\/journee-mondiale-de-la-protection-des-donnees\/"},"modified":"2022-03-21T16:49:56","modified_gmt":"2022-03-21T15:49:56","slug":"journee-mondiale-de-la-protection-des-donnees","status":"publish","type":"post","link":"https:\/\/www.declic-communication.fr\/en\/journee-mondiale-de-la-protection-des-donnees\/","title":{"rendered":"World Data Protection Day"},"content":{"rendered":"\n<p>On this World Data Protection Day, it is important to recall some facts: <strong>&#8220;The protection of individuals with regard to the processing of personal data is a fundamental right.\u00a0<\/strong><\/p>\n\n\n\n<p><strong><br><\/strong>A company must offer a secure platform governed by the General Data Protection Regulation, which is mandatory at European level. The main purpose of this is to protect the data of Internet users. It is therefore imperative that information on <strong>data confidentiality<\/strong> and personal data rights be mentioned on every site. Following this information, the user must validate his or her consent, which must be collected internally for proof before the CNIL (Commission Nationale de l&#8217;Informatique et des Libert\u00e9s) in the event of control.<\/p>\n\n\n\n<p><br>Extract from the RGPD: &#8220;The amount of the financial penalties can be up to 20 million euros or in the case of a company up to 4% of the annual worldwide turnover. These penalties may be made public.<br><\/p>\n\n\n\n<p>Do you have any doubts about the compliance of your website? <a href=\"http:\/\/www.declic-communication.fr\">Contact us<\/a> for an assessment! <\/p>\n\n\n\n<p><\/p>\n","protected":false},"excerpt":{"rendered":"<p>On this World Data Protection Day, it is important to recall some facts: &#8220;The protection of individuals with regard to the processing of personal data is a fundamental right.\u00a0 A company must offer a secure platform governed by the General Data Protection Regulation, which is mandatory at European level. The main purpose of this is [&hellip;]<\/p>\n","protected":false},"author":9,"featured_media":29199,"comment_status":"closed","ping_status":"closed","sticky":false,"template":"","format":"standard","meta":{"inline_featured_image":false,"footnotes":""},"categories":[30],"tags":[],"class_list":["post-29515","post","type-post","status-publish","format-standard","has-post-thumbnail","hentry","category-news"],"yoast_head":"<!-- This site is optimized with the Yoast SEO plugin v20.4 - https:\/\/yoast.com\/wordpress\/plugins\/seo\/ -->\n<title>World Data Protection Day - D\u00e9clic Communication<\/title>\n<meta name=\"robots\" content=\"index, follow, max-snippet:-1, max-image-preview:large, max-video-preview:-1\" \/>\n<link rel=\"canonical\" href=\"https:\/\/www.declic-communication.fr\/en\/journee-mondiale-de-la-protection-des-donnees\/\" \/>\n<meta property=\"og:locale\" content=\"en_US\" \/>\n<meta property=\"og:type\" content=\"article\" \/>\n<meta property=\"og:title\" content=\"World Data Protection Day - D\u00e9clic Communication\" \/>\n<meta property=\"og:description\" content=\"On this World Data Protection Day, it is important to recall some facts: &#8220;The protection of individuals with regard to the processing of personal data is a fundamental right.\u00a0 A company must offer a secure platform governed by the General Data Protection Regulation, which is mandatory at European level. The main purpose of this is [&hellip;]\" \/>\n<meta property=\"og:url\" content=\"https:\/\/www.declic-communication.fr\/en\/journee-mondiale-de-la-protection-des-donnees\/\" \/>\n<meta property=\"og:site_name\" content=\"D\u00e9clic Communication\" \/>\n<meta property=\"article:published_time\" content=\"2022-01-28T10:32:11+00:00\" \/>\n<meta property=\"article:modified_time\" content=\"2022-03-21T15:49:56+00:00\" \/>\n<meta property=\"og:image\" content=\"https:\/\/www.declic-communication.fr\/wp-content\/uploads\/2022\/01\/pexels-marek-levak-2265488-scaled.jpg\" \/>\n\t<meta property=\"og:image:width\" content=\"2560\" \/>\n\t<meta property=\"og:image:height\" content=\"1707\" \/>\n\t<meta property=\"og:image:type\" content=\"image\/jpeg\" \/>\n<meta name=\"author\" content=\"Line TODISCO\" \/>\n<meta name=\"twitter:card\" content=\"summary_large_image\" \/>\n<meta name=\"twitter:label1\" content=\"Written by\" \/>\n\t<meta name=\"twitter:data1\" content=\"Line TODISCO\" \/>\n\t<meta name=\"twitter:label2\" content=\"Est. reading time\" \/>\n\t<meta name=\"twitter:data2\" content=\"1 minute\" \/>\n<script type=\"application\/ld+json\" class=\"yoast-schema-graph\">{\"@context\":\"https:\/\/schema.org\",\"@graph\":[{\"@type\":\"Article\",\"@id\":\"https:\/\/www.declic-communication.fr\/en\/journee-mondiale-de-la-protection-des-donnees\/#article\",\"isPartOf\":{\"@id\":\"https:\/\/www.declic-communication.fr\/en\/journee-mondiale-de-la-protection-des-donnees\/\"},\"author\":{\"name\":\"Line TODISCO\",\"@id\":\"https:\/\/www.declic-communication.fr\/en\/#\/schema\/person\/4cf3d266aa5cd56156ae2d0af23b8a21\"},\"headline\":\"World Data Protection Day\",\"datePublished\":\"2022-01-28T10:32:11+00:00\",\"dateModified\":\"2022-03-21T15:49:56+00:00\",\"mainEntityOfPage\":{\"@id\":\"https:\/\/www.declic-communication.fr\/en\/journee-mondiale-de-la-protection-des-donnees\/\"},\"wordCount\":170,\"publisher\":{\"@id\":\"https:\/\/www.declic-communication.fr\/en\/#organization\"},\"articleSection\":[\"News\"],\"inLanguage\":\"en-US\"},{\"@type\":\"WebPage\",\"@id\":\"https:\/\/www.declic-communication.fr\/en\/journee-mondiale-de-la-protection-des-donnees\/\",\"url\":\"https:\/\/www.declic-communication.fr\/en\/journee-mondiale-de-la-protection-des-donnees\/\",\"name\":\"World Data Protection Day - D\u00e9clic Communication\",\"isPartOf\":{\"@id\":\"https:\/\/www.declic-communication.fr\/en\/#website\"},\"datePublished\":\"2022-01-28T10:32:11+00:00\",\"dateModified\":\"2022-03-21T15:49:56+00:00\",\"breadcrumb\":{\"@id\":\"https:\/\/www.declic-communication.fr\/en\/journee-mondiale-de-la-protection-des-donnees\/#breadcrumb\"},\"inLanguage\":\"en-US\",\"potentialAction\":[{\"@type\":\"ReadAction\",\"target\":[\"https:\/\/www.declic-communication.fr\/en\/journee-mondiale-de-la-protection-des-donnees\/\"]}]},{\"@type\":\"BreadcrumbList\",\"@id\":\"https:\/\/www.declic-communication.fr\/en\/journee-mondiale-de-la-protection-des-donnees\/#breadcrumb\",\"itemListElement\":[{\"@type\":\"ListItem\",\"position\":1,\"name\":\"Accueil\",\"item\":\"https:\/\/www.declic-communication.fr\/en\/?page_id=37043\"},{\"@type\":\"ListItem\",\"position\":2,\"name\":\"World Data Protection Day\"}]},{\"@type\":\"WebSite\",\"@id\":\"https:\/\/www.declic-communication.fr\/en\/#website\",\"url\":\"https:\/\/www.declic-communication.fr\/en\/\",\"name\":\"D\u00e9clic Communication\",\"description\":\"Agence conseil en communication et publicit\u00e9 \u00e0 Saint-Avold en Moselle\",\"publisher\":{\"@id\":\"https:\/\/www.declic-communication.fr\/en\/#organization\"},\"potentialAction\":[{\"@type\":\"SearchAction\",\"target\":{\"@type\":\"EntryPoint\",\"urlTemplate\":\"https:\/\/www.declic-communication.fr\/en\/?s={search_term_string}\"},\"query-input\":\"required name=search_term_string\"}],\"inLanguage\":\"en-US\"},{\"@type\":\"Organization\",\"@id\":\"https:\/\/www.declic-communication.fr\/en\/#organization\",\"name\":\"D\u00e9clic Communication\",\"url\":\"https:\/\/www.declic-communication.fr\/en\/\",\"logo\":{\"@type\":\"ImageObject\",\"inLanguage\":\"en-US\",\"@id\":\"https:\/\/www.declic-communication.fr\/en\/#\/schema\/logo\/image\/\",\"url\":\"https:\/\/www.declic-communication.fr\/wp-content\/uploads\/2023\/10\/logo-declic-communication.svg\",\"contentUrl\":\"https:\/\/www.declic-communication.fr\/wp-content\/uploads\/2023\/10\/logo-declic-communication.svg\",\"width\":600,\"height\":250,\"caption\":\"D\u00e9clic Communication\"},\"image\":{\"@id\":\"https:\/\/www.declic-communication.fr\/en\/#\/schema\/logo\/image\/\"}},{\"@type\":\"Person\",\"@id\":\"https:\/\/www.declic-communication.fr\/en\/#\/schema\/person\/4cf3d266aa5cd56156ae2d0af23b8a21\",\"name\":\"Line TODISCO\",\"url\":\"https:\/\/www.declic-communication.fr\/en\/\"}]}<\/script>\n<!-- \/ Yoast SEO plugin. -->","yoast_head_json":{"title":"World Data Protection Day - D\u00e9clic Communication","robots":{"index":"index","follow":"follow","max-snippet":"max-snippet:-1","max-image-preview":"max-image-preview:large","max-video-preview":"max-video-preview:-1"},"canonical":"https:\/\/www.declic-communication.fr\/en\/journee-mondiale-de-la-protection-des-donnees\/","og_locale":"en_US","og_type":"article","og_title":"World Data Protection Day - D\u00e9clic Communication","og_description":"On this World Data Protection Day, it is important to recall some facts: &#8220;The protection of individuals with regard to the processing of personal data is a fundamental right.\u00a0 A company must offer a secure platform governed by the General Data Protection Regulation, which is mandatory at European level. The main purpose of this is [&hellip;]","og_url":"https:\/\/www.declic-communication.fr\/en\/journee-mondiale-de-la-protection-des-donnees\/","og_site_name":"D\u00e9clic Communication","article_published_time":"2022-01-28T10:32:11+00:00","article_modified_time":"2022-03-21T15:49:56+00:00","og_image":[{"width":2560,"height":1707,"url":"https:\/\/www.declic-communication.fr\/wp-content\/uploads\/2022\/01\/pexels-marek-levak-2265488-scaled.jpg","type":"image\/jpeg"}],"author":"Line TODISCO","twitter_card":"summary_large_image","twitter_misc":{"Written by":"Line TODISCO","Est. reading time":"1 minute"},"schema":{"@context":"https:\/\/schema.org","@graph":[{"@type":"Article","@id":"https:\/\/www.declic-communication.fr\/en\/journee-mondiale-de-la-protection-des-donnees\/#article","isPartOf":{"@id":"https:\/\/www.declic-communication.fr\/en\/journee-mondiale-de-la-protection-des-donnees\/"},"author":{"name":"Line TODISCO","@id":"https:\/\/www.declic-communication.fr\/en\/#\/schema\/person\/4cf3d266aa5cd56156ae2d0af23b8a21"},"headline":"World Data Protection Day","datePublished":"2022-01-28T10:32:11+00:00","dateModified":"2022-03-21T15:49:56+00:00","mainEntityOfPage":{"@id":"https:\/\/www.declic-communication.fr\/en\/journee-mondiale-de-la-protection-des-donnees\/"},"wordCount":170,"publisher":{"@id":"https:\/\/www.declic-communication.fr\/en\/#organization"},"articleSection":["News"],"inLanguage":"en-US"},{"@type":"WebPage","@id":"https:\/\/www.declic-communication.fr\/en\/journee-mondiale-de-la-protection-des-donnees\/","url":"https:\/\/www.declic-communication.fr\/en\/journee-mondiale-de-la-protection-des-donnees\/","name":"World Data Protection Day - D\u00e9clic Communication","isPartOf":{"@id":"https:\/\/www.declic-communication.fr\/en\/#website"},"datePublished":"2022-01-28T10:32:11+00:00","dateModified":"2022-03-21T15:49:56+00:00","breadcrumb":{"@id":"https:\/\/www.declic-communication.fr\/en\/journee-mondiale-de-la-protection-des-donnees\/#breadcrumb"},"inLanguage":"en-US","potentialAction":[{"@type":"ReadAction","target":["https:\/\/www.declic-communication.fr\/en\/journee-mondiale-de-la-protection-des-donnees\/"]}]},{"@type":"BreadcrumbList","@id":"https:\/\/www.declic-communication.fr\/en\/journee-mondiale-de-la-protection-des-donnees\/#breadcrumb","itemListElement":[{"@type":"ListItem","position":1,"name":"Accueil","item":"https:\/\/www.declic-communication.fr\/en\/?page_id=37043"},{"@type":"ListItem","position":2,"name":"World Data Protection Day"}]},{"@type":"WebSite","@id":"https:\/\/www.declic-communication.fr\/en\/#website","url":"https:\/\/www.declic-communication.fr\/en\/","name":"D\u00e9clic Communication","description":"Agence conseil en communication et publicit\u00e9 \u00e0 Saint-Avold en Moselle","publisher":{"@id":"https:\/\/www.declic-communication.fr\/en\/#organization"},"potentialAction":[{"@type":"SearchAction","target":{"@type":"EntryPoint","urlTemplate":"https:\/\/www.declic-communication.fr\/en\/?s={search_term_string}"},"query-input":"required name=search_term_string"}],"inLanguage":"en-US"},{"@type":"Organization","@id":"https:\/\/www.declic-communication.fr\/en\/#organization","name":"D\u00e9clic Communication","url":"https:\/\/www.declic-communication.fr\/en\/","logo":{"@type":"ImageObject","inLanguage":"en-US","@id":"https:\/\/www.declic-communication.fr\/en\/#\/schema\/logo\/image\/","url":"https:\/\/www.declic-communication.fr\/wp-content\/uploads\/2023\/10\/logo-declic-communication.svg","contentUrl":"https:\/\/www.declic-communication.fr\/wp-content\/uploads\/2023\/10\/logo-declic-communication.svg","width":600,"height":250,"caption":"D\u00e9clic Communication"},"image":{"@id":"https:\/\/www.declic-communication.fr\/en\/#\/schema\/logo\/image\/"}},{"@type":"Person","@id":"https:\/\/www.declic-communication.fr\/en\/#\/schema\/person\/4cf3d266aa5cd56156ae2d0af23b8a21","name":"Line TODISCO","url":"https:\/\/www.declic-communication.fr\/en\/"}]}},"_links":{"self":[{"href":"https:\/\/www.declic-communication.fr\/en\/wp-json\/wp\/v2\/posts\/29515","targetHints":{"allow":["GET"]}}],"collection":[{"href":"https:\/\/www.declic-communication.fr\/en\/wp-json\/wp\/v2\/posts"}],"about":[{"href":"https:\/\/www.declic-communication.fr\/en\/wp-json\/wp\/v2\/types\/post"}],"author":[{"embeddable":true,"href":"https:\/\/www.declic-communication.fr\/en\/wp-json\/wp\/v2\/users\/9"}],"replies":[{"embeddable":true,"href":"https:\/\/www.declic-communication.fr\/en\/wp-json\/wp\/v2\/comments?post=29515"}],"version-history":[{"count":0,"href":"https:\/\/www.declic-communication.fr\/en\/wp-json\/wp\/v2\/posts\/29515\/revisions"}],"wp:featuredmedia":[{"embeddable":true,"href":"https:\/\/www.declic-communication.fr\/en\/wp-json\/wp\/v2\/media\/29199"}],"wp:attachment":[{"href":"https:\/\/www.declic-communication.fr\/en\/wp-json\/wp\/v2\/media?parent=29515"}],"wp:term":[{"taxonomy":"category","embeddable":true,"href":"https:\/\/www.declic-communication.fr\/en\/wp-json\/wp\/v2\/categories?post=29515"},{"taxonomy":"post_tag","embeddable":true,"href":"https:\/\/www.declic-communication.fr\/en\/wp-json\/wp\/v2\/tags?post=29515"}],"curies":[{"name":"wp","href":"https:\/\/api.w.org\/{rel}","templated":true}]}}