{"id":29523,"date":"2022-02-07T15:54:08","date_gmt":"2022-02-07T14:54:08","guid":{"rendered":"https:\/\/www.declic-communication.fr\/la-saint-valentin-loccasion-de-communiquer\/"},"modified":"2022-03-21T17:03:47","modified_gmt":"2022-03-21T16:03:47","slug":"la-saint-valentin-loccasion-de-communiquer","status":"publish","type":"post","link":"https:\/\/www.declic-communication.fr\/en\/la-saint-valentin-loccasion-de-communiquer\/","title":{"rendered":"Valentine&#8217;s Day, an opportunity to communicate"},"content":{"rendered":"<p class=\"p1\"><span class=\"s1\"><strong>One French person in two<\/strong> celebrates Valentine&#8217;s Day, the festival of lovers!<\/span><\/p>\n<p class=\"p1\"><span class=\"s1\">Over the centuries, this festival has become a real <strong>communication tool<\/strong> for companies. Whether it&#8217;s with friends, family or as a couple, it&#8217;s a great opportunity to get together. <span class=\"Apple-converted-space\">\u00a0<\/span><\/span><\/p>\n<p class=\"p1\"><span class=\"s1\">One month before February 14th, restaurants, jewellers and underwear shops do everything they can to attract Valentine&#8217;s Day enthusiasts!<\/span><\/p>\n<p class=\"p1\"><span class=\"s1\">As you can see, we advise you to take part in this celebration and thus to carry out a dedicated communication on Valentine&#8217;s Day! Little games, quotes, gift ideas, take your sector of activity into account! Think about setting up a personalised <strong>emailing<\/strong>, the theme will attract the attention of your customers. Also opt for visuals in the <strong>colours<\/strong> of <strong>Valentine&#8217;s Day<\/strong> for your February publications, your audience will appreciate the approach!<span class=\"Apple-converted-space\">\u00a0<\/span><\/span><\/p>\n<p class=\"p1\"><span class=\"s1\">Do you want to call on a professional? <a href=\"http:\/\/www.declic-communication.fr\">Contact us<\/a>, we will be delighted to create your communication around the event of your choice!<\/span><\/p>\n\n\n<p><\/p>\n","protected":false},"excerpt":{"rendered":"<p>One French person in two celebrates Valentine&#8217;s Day, the festival of lovers! Over the centuries, this festival has become a real communication tool for companies. Whether it&#8217;s with friends, family or as a couple, it&#8217;s a great opportunity to get together. \u00a0 One month before February 14th, restaurants, jewellers and underwear shops do everything they [&hellip;]<\/p>\n","protected":false},"author":9,"featured_media":29255,"comment_status":"closed","ping_status":"closed","sticky":false,"template":"","format":"standard","meta":{"inline_featured_image":false,"footnotes":""},"categories":[30],"tags":[],"class_list":["post-29523","post","type-post","status-publish","format-standard","has-post-thumbnail","hentry","category-news"],"yoast_head":"<!-- This site is optimized with the Yoast SEO plugin v20.4 - https:\/\/yoast.com\/wordpress\/plugins\/seo\/ -->\n<title>Valentine&#039;s Day, an opportunity to communicate - D\u00e9clic Communication<\/title>\n<meta name=\"robots\" content=\"index, follow, max-snippet:-1, max-image-preview:large, max-video-preview:-1\" \/>\n<link rel=\"canonical\" href=\"https:\/\/www.declic-communication.fr\/en\/la-saint-valentin-loccasion-de-communiquer\/\" \/>\n<meta property=\"og:locale\" content=\"en_US\" \/>\n<meta property=\"og:type\" content=\"article\" \/>\n<meta property=\"og:title\" content=\"Valentine&#039;s Day, an opportunity to communicate - D\u00e9clic Communication\" \/>\n<meta property=\"og:description\" content=\"One French person in two celebrates Valentine&#8217;s Day, the festival of lovers! Over the centuries, this festival has become a real communication tool for companies. Whether it&#8217;s with friends, family or as a couple, it&#8217;s a great opportunity to get together. \u00a0 One month before February 14th, restaurants, jewellers and underwear shops do everything they [&hellip;]\" \/>\n<meta property=\"og:url\" content=\"https:\/\/www.declic-communication.fr\/en\/la-saint-valentin-loccasion-de-communiquer\/\" \/>\n<meta property=\"og:site_name\" content=\"D\u00e9clic Communication\" \/>\n<meta property=\"article:published_time\" content=\"2022-02-07T14:54:08+00:00\" \/>\n<meta property=\"article:modified_time\" content=\"2022-03-21T16:03:47+00:00\" \/>\n<meta property=\"og:image\" content=\"https:\/\/www.declic-communication.fr\/wp-content\/uploads\/2022\/02\/pexels-alleksana-6478819-1-scaled.jpg\" \/>\n\t<meta property=\"og:image:width\" content=\"1\" \/>\n\t<meta property=\"og:image:height\" content=\"1\" \/>\n\t<meta property=\"og:image:type\" content=\"image\/jpeg\" \/>\n<meta name=\"author\" content=\"Line TODISCO\" \/>\n<meta name=\"twitter:card\" content=\"summary_large_image\" \/>\n<meta name=\"twitter:label1\" content=\"Written by\" \/>\n\t<meta name=\"twitter:data1\" content=\"Line TODISCO\" \/>\n\t<meta name=\"twitter:label2\" content=\"Est. reading time\" \/>\n\t<meta name=\"twitter:data2\" content=\"1 minute\" \/>\n<script type=\"application\/ld+json\" class=\"yoast-schema-graph\">{\"@context\":\"https:\/\/schema.org\",\"@graph\":[{\"@type\":\"Article\",\"@id\":\"https:\/\/www.declic-communication.fr\/en\/la-saint-valentin-loccasion-de-communiquer\/#article\",\"isPartOf\":{\"@id\":\"https:\/\/www.declic-communication.fr\/en\/la-saint-valentin-loccasion-de-communiquer\/\"},\"author\":{\"name\":\"Line TODISCO\",\"@id\":\"https:\/\/www.declic-communication.fr\/en\/#\/schema\/person\/4cf3d266aa5cd56156ae2d0af23b8a21\"},\"headline\":\"Valentine&#8217;s Day, an opportunity to communicate\",\"datePublished\":\"2022-02-07T14:54:08+00:00\",\"dateModified\":\"2022-03-21T16:03:47+00:00\",\"mainEntityOfPage\":{\"@id\":\"https:\/\/www.declic-communication.fr\/en\/la-saint-valentin-loccasion-de-communiquer\/\"},\"wordCount\":162,\"publisher\":{\"@id\":\"https:\/\/www.declic-communication.fr\/en\/#organization\"},\"articleSection\":[\"News\"],\"inLanguage\":\"en-US\"},{\"@type\":\"WebPage\",\"@id\":\"https:\/\/www.declic-communication.fr\/en\/la-saint-valentin-loccasion-de-communiquer\/\",\"url\":\"https:\/\/www.declic-communication.fr\/en\/la-saint-valentin-loccasion-de-communiquer\/\",\"name\":\"Valentine's Day, an opportunity to communicate - D\u00e9clic Communication\",\"isPartOf\":{\"@id\":\"https:\/\/www.declic-communication.fr\/en\/#website\"},\"datePublished\":\"2022-02-07T14:54:08+00:00\",\"dateModified\":\"2022-03-21T16:03:47+00:00\",\"breadcrumb\":{\"@id\":\"https:\/\/www.declic-communication.fr\/en\/la-saint-valentin-loccasion-de-communiquer\/#breadcrumb\"},\"inLanguage\":\"en-US\",\"potentialAction\":[{\"@type\":\"ReadAction\",\"target\":[\"https:\/\/www.declic-communication.fr\/en\/la-saint-valentin-loccasion-de-communiquer\/\"]}]},{\"@type\":\"BreadcrumbList\",\"@id\":\"https:\/\/www.declic-communication.fr\/en\/la-saint-valentin-loccasion-de-communiquer\/#breadcrumb\",\"itemListElement\":[{\"@type\":\"ListItem\",\"position\":1,\"name\":\"Accueil\",\"item\":\"https:\/\/www.declic-communication.fr\/en\/?page_id=37043\"},{\"@type\":\"ListItem\",\"position\":2,\"name\":\"Valentine&#8217;s Day, an opportunity to communicate\"}]},{\"@type\":\"WebSite\",\"@id\":\"https:\/\/www.declic-communication.fr\/en\/#website\",\"url\":\"https:\/\/www.declic-communication.fr\/en\/\",\"name\":\"D\u00e9clic Communication\",\"description\":\"Agence conseil en communication et publicit\u00e9 \u00e0 Saint-Avold en Moselle\",\"publisher\":{\"@id\":\"https:\/\/www.declic-communication.fr\/en\/#organization\"},\"potentialAction\":[{\"@type\":\"SearchAction\",\"target\":{\"@type\":\"EntryPoint\",\"urlTemplate\":\"https:\/\/www.declic-communication.fr\/en\/?s={search_term_string}\"},\"query-input\":\"required name=search_term_string\"}],\"inLanguage\":\"en-US\"},{\"@type\":\"Organization\",\"@id\":\"https:\/\/www.declic-communication.fr\/en\/#organization\",\"name\":\"D\u00e9clic Communication\",\"url\":\"https:\/\/www.declic-communication.fr\/en\/\",\"logo\":{\"@type\":\"ImageObject\",\"inLanguage\":\"en-US\",\"@id\":\"https:\/\/www.declic-communication.fr\/en\/#\/schema\/logo\/image\/\",\"url\":\"https:\/\/www.declic-communication.fr\/wp-content\/uploads\/2023\/10\/logo-declic-communication.svg\",\"contentUrl\":\"https:\/\/www.declic-communication.fr\/wp-content\/uploads\/2023\/10\/logo-declic-communication.svg\",\"width\":600,\"height\":250,\"caption\":\"D\u00e9clic Communication\"},\"image\":{\"@id\":\"https:\/\/www.declic-communication.fr\/en\/#\/schema\/logo\/image\/\"}},{\"@type\":\"Person\",\"@id\":\"https:\/\/www.declic-communication.fr\/en\/#\/schema\/person\/4cf3d266aa5cd56156ae2d0af23b8a21\",\"name\":\"Line TODISCO\",\"url\":\"https:\/\/www.declic-communication.fr\/en\/\"}]}<\/script>\n<!-- \/ Yoast SEO plugin. -->","yoast_head_json":{"title":"Valentine's Day, an opportunity to communicate - D\u00e9clic Communication","robots":{"index":"index","follow":"follow","max-snippet":"max-snippet:-1","max-image-preview":"max-image-preview:large","max-video-preview":"max-video-preview:-1"},"canonical":"https:\/\/www.declic-communication.fr\/en\/la-saint-valentin-loccasion-de-communiquer\/","og_locale":"en_US","og_type":"article","og_title":"Valentine's Day, an opportunity to communicate - D\u00e9clic Communication","og_description":"One French person in two celebrates Valentine&#8217;s Day, the festival of lovers! Over the centuries, this festival has become a real communication tool for companies. Whether it&#8217;s with friends, family or as a couple, it&#8217;s a great opportunity to get together. \u00a0 One month before February 14th, restaurants, jewellers and underwear shops do everything they [&hellip;]","og_url":"https:\/\/www.declic-communication.fr\/en\/la-saint-valentin-loccasion-de-communiquer\/","og_site_name":"D\u00e9clic Communication","article_published_time":"2022-02-07T14:54:08+00:00","article_modified_time":"2022-03-21T16:03:47+00:00","og_image":[{"url":"https:\/\/www.declic-communication.fr\/wp-content\/uploads\/2022\/02\/pexels-alleksana-6478819-1-scaled.jpg","width":1,"height":1,"type":"image\/jpeg"}],"author":"Line TODISCO","twitter_card":"summary_large_image","twitter_misc":{"Written by":"Line TODISCO","Est. reading time":"1 minute"},"schema":{"@context":"https:\/\/schema.org","@graph":[{"@type":"Article","@id":"https:\/\/www.declic-communication.fr\/en\/la-saint-valentin-loccasion-de-communiquer\/#article","isPartOf":{"@id":"https:\/\/www.declic-communication.fr\/en\/la-saint-valentin-loccasion-de-communiquer\/"},"author":{"name":"Line TODISCO","@id":"https:\/\/www.declic-communication.fr\/en\/#\/schema\/person\/4cf3d266aa5cd56156ae2d0af23b8a21"},"headline":"Valentine&#8217;s Day, an opportunity to communicate","datePublished":"2022-02-07T14:54:08+00:00","dateModified":"2022-03-21T16:03:47+00:00","mainEntityOfPage":{"@id":"https:\/\/www.declic-communication.fr\/en\/la-saint-valentin-loccasion-de-communiquer\/"},"wordCount":162,"publisher":{"@id":"https:\/\/www.declic-communication.fr\/en\/#organization"},"articleSection":["News"],"inLanguage":"en-US"},{"@type":"WebPage","@id":"https:\/\/www.declic-communication.fr\/en\/la-saint-valentin-loccasion-de-communiquer\/","url":"https:\/\/www.declic-communication.fr\/en\/la-saint-valentin-loccasion-de-communiquer\/","name":"Valentine's Day, an opportunity to communicate - D\u00e9clic Communication","isPartOf":{"@id":"https:\/\/www.declic-communication.fr\/en\/#website"},"datePublished":"2022-02-07T14:54:08+00:00","dateModified":"2022-03-21T16:03:47+00:00","breadcrumb":{"@id":"https:\/\/www.declic-communication.fr\/en\/la-saint-valentin-loccasion-de-communiquer\/#breadcrumb"},"inLanguage":"en-US","potentialAction":[{"@type":"ReadAction","target":["https:\/\/www.declic-communication.fr\/en\/la-saint-valentin-loccasion-de-communiquer\/"]}]},{"@type":"BreadcrumbList","@id":"https:\/\/www.declic-communication.fr\/en\/la-saint-valentin-loccasion-de-communiquer\/#breadcrumb","itemListElement":[{"@type":"ListItem","position":1,"name":"Accueil","item":"https:\/\/www.declic-communication.fr\/en\/?page_id=37043"},{"@type":"ListItem","position":2,"name":"Valentine&#8217;s Day, an opportunity to communicate"}]},{"@type":"WebSite","@id":"https:\/\/www.declic-communication.fr\/en\/#website","url":"https:\/\/www.declic-communication.fr\/en\/","name":"D\u00e9clic Communication","description":"Agence conseil en communication et publicit\u00e9 \u00e0 Saint-Avold en Moselle","publisher":{"@id":"https:\/\/www.declic-communication.fr\/en\/#organization"},"potentialAction":[{"@type":"SearchAction","target":{"@type":"EntryPoint","urlTemplate":"https:\/\/www.declic-communication.fr\/en\/?s={search_term_string}"},"query-input":"required name=search_term_string"}],"inLanguage":"en-US"},{"@type":"Organization","@id":"https:\/\/www.declic-communication.fr\/en\/#organization","name":"D\u00e9clic Communication","url":"https:\/\/www.declic-communication.fr\/en\/","logo":{"@type":"ImageObject","inLanguage":"en-US","@id":"https:\/\/www.declic-communication.fr\/en\/#\/schema\/logo\/image\/","url":"https:\/\/www.declic-communication.fr\/wp-content\/uploads\/2023\/10\/logo-declic-communication.svg","contentUrl":"https:\/\/www.declic-communication.fr\/wp-content\/uploads\/2023\/10\/logo-declic-communication.svg","width":600,"height":250,"caption":"D\u00e9clic Communication"},"image":{"@id":"https:\/\/www.declic-communication.fr\/en\/#\/schema\/logo\/image\/"}},{"@type":"Person","@id":"https:\/\/www.declic-communication.fr\/en\/#\/schema\/person\/4cf3d266aa5cd56156ae2d0af23b8a21","name":"Line TODISCO","url":"https:\/\/www.declic-communication.fr\/en\/"}]}},"_links":{"self":[{"href":"https:\/\/www.declic-communication.fr\/en\/wp-json\/wp\/v2\/posts\/29523","targetHints":{"allow":["GET"]}}],"collection":[{"href":"https:\/\/www.declic-communication.fr\/en\/wp-json\/wp\/v2\/posts"}],"about":[{"href":"https:\/\/www.declic-communication.fr\/en\/wp-json\/wp\/v2\/types\/post"}],"author":[{"embeddable":true,"href":"https:\/\/www.declic-communication.fr\/en\/wp-json\/wp\/v2\/users\/9"}],"replies":[{"embeddable":true,"href":"https:\/\/www.declic-communication.fr\/en\/wp-json\/wp\/v2\/comments?post=29523"}],"version-history":[{"count":0,"href":"https:\/\/www.declic-communication.fr\/en\/wp-json\/wp\/v2\/posts\/29523\/revisions"}],"wp:featuredmedia":[{"embeddable":true,"href":"https:\/\/www.declic-communication.fr\/en\/wp-json\/wp\/v2\/media\/29255"}],"wp:attachment":[{"href":"https:\/\/www.declic-communication.fr\/en\/wp-json\/wp\/v2\/media?parent=29523"}],"wp:term":[{"taxonomy":"category","embeddable":true,"href":"https:\/\/www.declic-communication.fr\/en\/wp-json\/wp\/v2\/categories?post=29523"},{"taxonomy":"post_tag","embeddable":true,"href":"https:\/\/www.declic-communication.fr\/en\/wp-json\/wp\/v2\/tags?post=29523"}],"curies":[{"name":"wp","href":"https:\/\/api.w.org\/{rel}","templated":true}]}}