{"id":30695,"date":"2022-04-15T12:05:00","date_gmt":"2022-04-15T10:05:00","guid":{"rendered":"https:\/\/www.declic-communication.fr\/journee-mondiale-de-la-creativite-et-de-linnovation-jeudi-21-avril-2022\/"},"modified":"2022-05-02T16:19:37","modified_gmt":"2022-05-02T14:19:37","slug":"journee-mondiale-de-la-creativite-et-de-linnovation-jeudi-21-avril-2022","status":"publish","type":"post","link":"https:\/\/www.declic-communication.fr\/en\/journee-mondiale-de-la-creativite-et-de-linnovation-jeudi-21-avril-2022\/","title":{"rendered":"World Creativity and Innovation Day Thursday 21 April 2022"},"content":{"rendered":"<p>Creativity is a key factor in the development of a company, it allows you to stand out in an era of ever increasing innovation.<\/p>\n<p>The D\u00e9clic Communication team proposes to develop your creativity hand in hand. Focus on visuals and an attitude that stand out, this day gives you the opportunity to take stock of your projects. Get a new impetus, let\u2019s open our imagination together.<\/p>\n<p><strong>Creativity<\/strong> is a potential source of strategic differentiation.&nbsp;<\/p>\n<p>Our agency relies on team brainstorming, which allows us to make good use of everyone\u2019s vision to create projects that are consistent with your company\u2019s environment.<\/p>\n<p>Lacking inspiration for your projects? The D\u00e9clic Communication team offers you structured <a href=\"https:\/\/www.declic-communication.fr\/demande-de-rendez-vous\/?lang=en\">creativity sessions<\/a> to develop new projects!<\/p>\n","protected":false},"excerpt":{"rendered":"<p>Creativity is a key factor in the development of a company, it allows you to stand out in an era of ever increasing innovation. The D\u00e9clic Communication team proposes to develop your creativity hand in hand. Focus on visuals and an attitude that stand out, this day gives you the opportunity to take stock of [&hellip;]<\/p>\n","protected":false},"author":9,"featured_media":30451,"comment_status":"closed","ping_status":"closed","sticky":false,"template":"","format":"standard","meta":{"inline_featured_image":false,"footnotes":""},"categories":[30],"tags":[],"class_list":["post-30695","post","type-post","status-publish","format-standard","has-post-thumbnail","hentry","category-news"],"yoast_head":"<!-- This site is optimized with the Yoast SEO plugin v20.4 - https:\/\/yoast.com\/wordpress\/plugins\/seo\/ -->\n<title>World Creativity and Innovation Day Thursday 21 April 2022 - D\u00e9clic Communication<\/title>\n<meta name=\"robots\" content=\"index, follow, max-snippet:-1, max-image-preview:large, max-video-preview:-1\" \/>\n<link rel=\"canonical\" href=\"https:\/\/www.declic-communication.fr\/en\/journee-mondiale-de-la-creativite-et-de-linnovation-jeudi-21-avril-2022\/\" \/>\n<meta property=\"og:locale\" content=\"en_US\" \/>\n<meta property=\"og:type\" content=\"article\" \/>\n<meta property=\"og:title\" content=\"World Creativity and Innovation Day Thursday 21 April 2022 - D\u00e9clic Communication\" \/>\n<meta property=\"og:description\" content=\"Creativity is a key factor in the development of a company, it allows you to stand out in an era of ever increasing innovation. The D\u00e9clic Communication team proposes to develop your creativity hand in hand. Focus on visuals and an attitude that stand out, this day gives you the opportunity to take stock of [&hellip;]\" \/>\n<meta property=\"og:url\" content=\"https:\/\/www.declic-communication.fr\/en\/journee-mondiale-de-la-creativite-et-de-linnovation-jeudi-21-avril-2022\/\" \/>\n<meta property=\"og:site_name\" content=\"D\u00e9clic Communication\" \/>\n<meta property=\"article:published_time\" content=\"2022-04-15T10:05:00+00:00\" \/>\n<meta property=\"article:modified_time\" content=\"2022-05-02T14:19:37+00:00\" \/>\n<meta property=\"og:image\" content=\"https:\/\/www.declic-communication.fr\/wp-content\/uploads\/2022\/04\/pexels-fauxels-3184295-scaled.jpg\" \/>\n\t<meta property=\"og:image:width\" content=\"2560\" \/>\n\t<meta property=\"og:image:height\" content=\"1707\" \/>\n\t<meta property=\"og:image:type\" content=\"image\/jpeg\" \/>\n<meta name=\"author\" content=\"Line TODISCO\" \/>\n<meta name=\"twitter:card\" content=\"summary_large_image\" \/>\n<meta name=\"twitter:label1\" content=\"Written by\" \/>\n\t<meta name=\"twitter:data1\" content=\"Line TODISCO\" \/>\n\t<meta name=\"twitter:label2\" content=\"Est. reading time\" \/>\n\t<meta name=\"twitter:data2\" content=\"1 minute\" \/>\n<script type=\"application\/ld+json\" class=\"yoast-schema-graph\">{\"@context\":\"https:\/\/schema.org\",\"@graph\":[{\"@type\":\"Article\",\"@id\":\"https:\/\/www.declic-communication.fr\/en\/journee-mondiale-de-la-creativite-et-de-linnovation-jeudi-21-avril-2022\/#article\",\"isPartOf\":{\"@id\":\"https:\/\/www.declic-communication.fr\/en\/journee-mondiale-de-la-creativite-et-de-linnovation-jeudi-21-avril-2022\/\"},\"author\":{\"name\":\"Line TODISCO\",\"@id\":\"https:\/\/www.declic-communication.fr\/en\/#\/schema\/person\/4cf3d266aa5cd56156ae2d0af23b8a21\"},\"headline\":\"World Creativity and Innovation Day Thursday 21 April 2022\",\"datePublished\":\"2022-04-15T10:05:00+00:00\",\"dateModified\":\"2022-05-02T14:19:37+00:00\",\"mainEntityOfPage\":{\"@id\":\"https:\/\/www.declic-communication.fr\/en\/journee-mondiale-de-la-creativite-et-de-linnovation-jeudi-21-avril-2022\/\"},\"wordCount\":131,\"publisher\":{\"@id\":\"https:\/\/www.declic-communication.fr\/en\/#organization\"},\"articleSection\":[\"News\"],\"inLanguage\":\"en-US\"},{\"@type\":\"WebPage\",\"@id\":\"https:\/\/www.declic-communication.fr\/en\/journee-mondiale-de-la-creativite-et-de-linnovation-jeudi-21-avril-2022\/\",\"url\":\"https:\/\/www.declic-communication.fr\/en\/journee-mondiale-de-la-creativite-et-de-linnovation-jeudi-21-avril-2022\/\",\"name\":\"World Creativity and Innovation Day Thursday 21 April 2022 - D\u00e9clic Communication\",\"isPartOf\":{\"@id\":\"https:\/\/www.declic-communication.fr\/en\/#website\"},\"datePublished\":\"2022-04-15T10:05:00+00:00\",\"dateModified\":\"2022-05-02T14:19:37+00:00\",\"breadcrumb\":{\"@id\":\"https:\/\/www.declic-communication.fr\/en\/journee-mondiale-de-la-creativite-et-de-linnovation-jeudi-21-avril-2022\/#breadcrumb\"},\"inLanguage\":\"en-US\",\"potentialAction\":[{\"@type\":\"ReadAction\",\"target\":[\"https:\/\/www.declic-communication.fr\/en\/journee-mondiale-de-la-creativite-et-de-linnovation-jeudi-21-avril-2022\/\"]}]},{\"@type\":\"BreadcrumbList\",\"@id\":\"https:\/\/www.declic-communication.fr\/en\/journee-mondiale-de-la-creativite-et-de-linnovation-jeudi-21-avril-2022\/#breadcrumb\",\"itemListElement\":[{\"@type\":\"ListItem\",\"position\":1,\"name\":\"Accueil\",\"item\":\"https:\/\/www.declic-communication.fr\/en\/?page_id=37043\"},{\"@type\":\"ListItem\",\"position\":2,\"name\":\"World Creativity and Innovation Day Thursday 21 April 2022\"}]},{\"@type\":\"WebSite\",\"@id\":\"https:\/\/www.declic-communication.fr\/en\/#website\",\"url\":\"https:\/\/www.declic-communication.fr\/en\/\",\"name\":\"D\u00e9clic Communication\",\"description\":\"Agence conseil en communication et publicit\u00e9 \u00e0 Saint-Avold en Moselle\",\"publisher\":{\"@id\":\"https:\/\/www.declic-communication.fr\/en\/#organization\"},\"potentialAction\":[{\"@type\":\"SearchAction\",\"target\":{\"@type\":\"EntryPoint\",\"urlTemplate\":\"https:\/\/www.declic-communication.fr\/en\/?s={search_term_string}\"},\"query-input\":\"required name=search_term_string\"}],\"inLanguage\":\"en-US\"},{\"@type\":\"Organization\",\"@id\":\"https:\/\/www.declic-communication.fr\/en\/#organization\",\"name\":\"D\u00e9clic Communication\",\"url\":\"https:\/\/www.declic-communication.fr\/en\/\",\"logo\":{\"@type\":\"ImageObject\",\"inLanguage\":\"en-US\",\"@id\":\"https:\/\/www.declic-communication.fr\/en\/#\/schema\/logo\/image\/\",\"url\":\"https:\/\/www.declic-communication.fr\/wp-content\/uploads\/2023\/10\/logo-declic-communication.svg\",\"contentUrl\":\"https:\/\/www.declic-communication.fr\/wp-content\/uploads\/2023\/10\/logo-declic-communication.svg\",\"width\":600,\"height\":250,\"caption\":\"D\u00e9clic Communication\"},\"image\":{\"@id\":\"https:\/\/www.declic-communication.fr\/en\/#\/schema\/logo\/image\/\"}},{\"@type\":\"Person\",\"@id\":\"https:\/\/www.declic-communication.fr\/en\/#\/schema\/person\/4cf3d266aa5cd56156ae2d0af23b8a21\",\"name\":\"Line TODISCO\",\"url\":\"https:\/\/www.declic-communication.fr\/en\/\"}]}<\/script>\n<!-- \/ Yoast SEO plugin. -->","yoast_head_json":{"title":"World Creativity and Innovation Day Thursday 21 April 2022 - D\u00e9clic Communication","robots":{"index":"index","follow":"follow","max-snippet":"max-snippet:-1","max-image-preview":"max-image-preview:large","max-video-preview":"max-video-preview:-1"},"canonical":"https:\/\/www.declic-communication.fr\/en\/journee-mondiale-de-la-creativite-et-de-linnovation-jeudi-21-avril-2022\/","og_locale":"en_US","og_type":"article","og_title":"World Creativity and Innovation Day Thursday 21 April 2022 - D\u00e9clic Communication","og_description":"Creativity is a key factor in the development of a company, it allows you to stand out in an era of ever increasing innovation. The D\u00e9clic Communication team proposes to develop your creativity hand in hand. Focus on visuals and an attitude that stand out, this day gives you the opportunity to take stock of [&hellip;]","og_url":"https:\/\/www.declic-communication.fr\/en\/journee-mondiale-de-la-creativite-et-de-linnovation-jeudi-21-avril-2022\/","og_site_name":"D\u00e9clic Communication","article_published_time":"2022-04-15T10:05:00+00:00","article_modified_time":"2022-05-02T14:19:37+00:00","og_image":[{"width":2560,"height":1707,"url":"https:\/\/www.declic-communication.fr\/wp-content\/uploads\/2022\/04\/pexels-fauxels-3184295-scaled.jpg","type":"image\/jpeg"}],"author":"Line TODISCO","twitter_card":"summary_large_image","twitter_misc":{"Written by":"Line TODISCO","Est. reading time":"1 minute"},"schema":{"@context":"https:\/\/schema.org","@graph":[{"@type":"Article","@id":"https:\/\/www.declic-communication.fr\/en\/journee-mondiale-de-la-creativite-et-de-linnovation-jeudi-21-avril-2022\/#article","isPartOf":{"@id":"https:\/\/www.declic-communication.fr\/en\/journee-mondiale-de-la-creativite-et-de-linnovation-jeudi-21-avril-2022\/"},"author":{"name":"Line TODISCO","@id":"https:\/\/www.declic-communication.fr\/en\/#\/schema\/person\/4cf3d266aa5cd56156ae2d0af23b8a21"},"headline":"World Creativity and Innovation Day Thursday 21 April 2022","datePublished":"2022-04-15T10:05:00+00:00","dateModified":"2022-05-02T14:19:37+00:00","mainEntityOfPage":{"@id":"https:\/\/www.declic-communication.fr\/en\/journee-mondiale-de-la-creativite-et-de-linnovation-jeudi-21-avril-2022\/"},"wordCount":131,"publisher":{"@id":"https:\/\/www.declic-communication.fr\/en\/#organization"},"articleSection":["News"],"inLanguage":"en-US"},{"@type":"WebPage","@id":"https:\/\/www.declic-communication.fr\/en\/journee-mondiale-de-la-creativite-et-de-linnovation-jeudi-21-avril-2022\/","url":"https:\/\/www.declic-communication.fr\/en\/journee-mondiale-de-la-creativite-et-de-linnovation-jeudi-21-avril-2022\/","name":"World Creativity and Innovation Day Thursday 21 April 2022 - D\u00e9clic Communication","isPartOf":{"@id":"https:\/\/www.declic-communication.fr\/en\/#website"},"datePublished":"2022-04-15T10:05:00+00:00","dateModified":"2022-05-02T14:19:37+00:00","breadcrumb":{"@id":"https:\/\/www.declic-communication.fr\/en\/journee-mondiale-de-la-creativite-et-de-linnovation-jeudi-21-avril-2022\/#breadcrumb"},"inLanguage":"en-US","potentialAction":[{"@type":"ReadAction","target":["https:\/\/www.declic-communication.fr\/en\/journee-mondiale-de-la-creativite-et-de-linnovation-jeudi-21-avril-2022\/"]}]},{"@type":"BreadcrumbList","@id":"https:\/\/www.declic-communication.fr\/en\/journee-mondiale-de-la-creativite-et-de-linnovation-jeudi-21-avril-2022\/#breadcrumb","itemListElement":[{"@type":"ListItem","position":1,"name":"Accueil","item":"https:\/\/www.declic-communication.fr\/en\/?page_id=37043"},{"@type":"ListItem","position":2,"name":"World Creativity and Innovation Day Thursday 21 April 2022"}]},{"@type":"WebSite","@id":"https:\/\/www.declic-communication.fr\/en\/#website","url":"https:\/\/www.declic-communication.fr\/en\/","name":"D\u00e9clic Communication","description":"Agence conseil en communication et publicit\u00e9 \u00e0 Saint-Avold en Moselle","publisher":{"@id":"https:\/\/www.declic-communication.fr\/en\/#organization"},"potentialAction":[{"@type":"SearchAction","target":{"@type":"EntryPoint","urlTemplate":"https:\/\/www.declic-communication.fr\/en\/?s={search_term_string}"},"query-input":"required name=search_term_string"}],"inLanguage":"en-US"},{"@type":"Organization","@id":"https:\/\/www.declic-communication.fr\/en\/#organization","name":"D\u00e9clic Communication","url":"https:\/\/www.declic-communication.fr\/en\/","logo":{"@type":"ImageObject","inLanguage":"en-US","@id":"https:\/\/www.declic-communication.fr\/en\/#\/schema\/logo\/image\/","url":"https:\/\/www.declic-communication.fr\/wp-content\/uploads\/2023\/10\/logo-declic-communication.svg","contentUrl":"https:\/\/www.declic-communication.fr\/wp-content\/uploads\/2023\/10\/logo-declic-communication.svg","width":600,"height":250,"caption":"D\u00e9clic Communication"},"image":{"@id":"https:\/\/www.declic-communication.fr\/en\/#\/schema\/logo\/image\/"}},{"@type":"Person","@id":"https:\/\/www.declic-communication.fr\/en\/#\/schema\/person\/4cf3d266aa5cd56156ae2d0af23b8a21","name":"Line TODISCO","url":"https:\/\/www.declic-communication.fr\/en\/"}]}},"_links":{"self":[{"href":"https:\/\/www.declic-communication.fr\/en\/wp-json\/wp\/v2\/posts\/30695","targetHints":{"allow":["GET"]}}],"collection":[{"href":"https:\/\/www.declic-communication.fr\/en\/wp-json\/wp\/v2\/posts"}],"about":[{"href":"https:\/\/www.declic-communication.fr\/en\/wp-json\/wp\/v2\/types\/post"}],"author":[{"embeddable":true,"href":"https:\/\/www.declic-communication.fr\/en\/wp-json\/wp\/v2\/users\/9"}],"replies":[{"embeddable":true,"href":"https:\/\/www.declic-communication.fr\/en\/wp-json\/wp\/v2\/comments?post=30695"}],"version-history":[{"count":0,"href":"https:\/\/www.declic-communication.fr\/en\/wp-json\/wp\/v2\/posts\/30695\/revisions"}],"wp:featuredmedia":[{"embeddable":true,"href":"https:\/\/www.declic-communication.fr\/en\/wp-json\/wp\/v2\/media\/30451"}],"wp:attachment":[{"href":"https:\/\/www.declic-communication.fr\/en\/wp-json\/wp\/v2\/media?parent=30695"}],"wp:term":[{"taxonomy":"category","embeddable":true,"href":"https:\/\/www.declic-communication.fr\/en\/wp-json\/wp\/v2\/categories?post=30695"},{"taxonomy":"post_tag","embeddable":true,"href":"https:\/\/www.declic-communication.fr\/en\/wp-json\/wp\/v2\/tags?post=30695"}],"curies":[{"name":"wp","href":"https:\/\/api.w.org\/{rel}","templated":true}]}}